{"id":51344,"date":"2020-09-17T15:03:52","date_gmt":"2020-09-17T18:03:52","guid":{"rendered":"https:\/\/www.mochileiros.com\/blog\/?p=51344"},"modified":"2020-10-06T14:40:07","modified_gmt":"2020-10-06T17:40:07","slug":"onibus-e-transformado-em-hospedagem-nas-montanhas","status":"publish","type":"post","link":"https:\/\/www.mochileiros.com\/blog\/onibus-e-transformado-em-hospedagem-nas-montanhas","title":{"rendered":"\u00d4nibus \u00e9 transformado em hospedagem nas montanhas"},"content":{"rendered":"<p>A bela cidade de Domingos Martins, nas montanhas do Esp\u00edrito Santo oferece agora uma op\u00e7\u00e3o de hospedagem daquelas para quem procura uma experi\u00eancia fora do convencional ou, por que n\u00e3o um &#8220;test-drive&#8221; para quem sonha em ter um motorhome, uma casa sobre rodas para viajar por a\u00ed. Sim, porque voc\u00ea poder\u00e1 se hospedar na montanha, em meio ao verde, num \u00f4nibus modificado, com todo conforto. (Este n\u00e3o sai do lugar t\u00e1? \u00c9 s\u00f3 hospedagem).<\/p>\n<p>Al\u00e9m da beleza c\u00eanica do entorno, o \u00f4nibus tem decora\u00e7\u00e3o com toque vintage e comodidades como ar condicionado e aquecedor, chuveiro com \u00e1gua morna, TV a cabo, sof\u00e1 cama, TV, fog\u00e3o com 4 bocas, microondas e frigobar.<br \/>\nDe acordo com o an\u00fancio publicado no Airbnb, o \u00f4nibus est\u00e1 perto do centro de Domingos Martins e instalado &#8220;numa propriedade privada, o que garante sua seguran\u00e7a.&#8221; O &#8220;\u00d4nibus azul&#8221; fica em um s\u00edtio nas montanhas capixabas, a cerca de 45Km de Vit\u00f3ria.<\/p>\n<h3>Confira mais detalhes e fotos <span style=\"text-decoration: underline;\"><a href=\"https:\/\/www.airbnb.com.br\/associates\/115739?s=67&amp;c=.pi115.pk0_9&amp;a4ptk=14855_0_9_115739&amp;af=115\" target=\"_blank\" rel=\"noopener noreferrer\">aqui<\/a><\/span> e a seguir:<\/h3>\n<p>&nbsp;<\/p>\n<div id=\"attachment_51345\" style=\"width: 1034px\" class=\"wp-caption aligncenter\"><img loading=\"lazy\" decoding=\"async\" aria-describedby=\"caption-attachment-51345\" class=\"wp-image-51345 size-full\" src=\"https:\/\/www.mochileiros.com\/blog\/wp-content\/uploads\/2020\/09\/onibusazulES_01.jpg\" alt=\"\" width=\"1024\" height=\"665\" srcset=\"https:\/\/www.mochileiros.com\/blog\/wp-content\/uploads\/2020\/09\/onibusazulES_01.jpg 1024w, https:\/\/www.mochileiros.com\/blog\/wp-content\/uploads\/2020\/09\/onibusazulES_01-300x195.jpg 300w, https:\/\/www.mochileiros.com\/blog\/wp-content\/uploads\/2020\/09\/onibusazulES_01-767x498.jpg 767w, https:\/\/www.mochileiros.com\/blog\/wp-content\/uploads\/2020\/09\/onibusazulES_01-1536x998.jpg 1536w, https:\/\/www.mochileiros.com\/blog\/wp-content\/uploads\/2020\/09\/onibusazulES_01-2048x1330.jpg 2048w, https:\/\/www.mochileiros.com\/blog\/wp-content\/uploads\/2020\/09\/onibusazulES_01-788x511.jpg 788w\" sizes=\"auto, (max-width: 1024px) 100vw, 1024px\" \/><p id=\"caption-attachment-51345\" class=\"wp-caption-text\">Op\u00e7\u00e3o de hospedagem diferente nas montanhas capixabas | Foto: Divulga\u00e7\u00e3o.<\/p><\/div>\n<div id=\"attachment_51363\" style=\"width: 1034px\" class=\"wp-caption aligncenter\"><img loading=\"lazy\" decoding=\"async\" aria-describedby=\"caption-attachment-51363\" class=\"wp-image-51363 size-large\" src=\"https:\/\/www.mochileiros.com\/blog\/wp-content\/uploads\/2020\/09\/118279804_888394018236463_6967806163338988244_n-1024x766.jpg\" alt=\"\" width=\"1024\" height=\"766\" srcset=\"https:\/\/www.mochileiros.com\/blog\/wp-content\/uploads\/2020\/09\/118279804_888394018236463_6967806163338988244_n-1024x766.jpg 1024w, https:\/\/www.mochileiros.com\/blog\/wp-content\/uploads\/2020\/09\/118279804_888394018236463_6967806163338988244_n-300x224.jpg 300w, https:\/\/www.mochileiros.com\/blog\/wp-content\/uploads\/2020\/09\/118279804_888394018236463_6967806163338988244_n-767x574.jpg 767w, https:\/\/www.mochileiros.com\/blog\/wp-content\/uploads\/2020\/09\/118279804_888394018236463_6967806163338988244_n-1536x1149.jpg 1536w, https:\/\/www.mochileiros.com\/blog\/wp-content\/uploads\/2020\/09\/118279804_888394018236463_6967806163338988244_n-2048x1532.jpg 2048w, https:\/\/www.mochileiros.com\/blog\/wp-content\/uploads\/2020\/09\/118279804_888394018236463_6967806163338988244_n-788x589.jpg 788w, https:\/\/www.mochileiros.com\/blog\/wp-content\/uploads\/2020\/09\/118279804_888394018236463_6967806163338988244_n.jpg 1080w\" sizes=\"auto, (max-width: 1024px) 100vw, 1024px\" \/><p id=\"caption-attachment-51363\" class=\"wp-caption-text\">Em meio ao verde | Foto: Divulga\u00e7\u00e3o.<\/p><\/div>\n<div id=\"attachment_51347\" style=\"width: 1034px\" class=\"wp-caption aligncenter\"><img loading=\"lazy\" decoding=\"async\" aria-describedby=\"caption-attachment-51347\" class=\"wp-image-51347 size-full\" src=\"https:\/\/www.mochileiros.com\/blog\/wp-content\/uploads\/2020\/09\/onibusazulES_03.jpg\" alt=\"\" width=\"1024\" height=\"747\" srcset=\"https:\/\/www.mochileiros.com\/blog\/wp-content\/uploads\/2020\/09\/onibusazulES_03.jpg 1024w, https:\/\/www.mochileiros.com\/blog\/wp-content\/uploads\/2020\/09\/onibusazulES_03-300x219.jpg 300w, https:\/\/www.mochileiros.com\/blog\/wp-content\/uploads\/2020\/09\/onibusazulES_03-768x560.jpg 768w, https:\/\/www.mochileiros.com\/blog\/wp-content\/uploads\/2020\/09\/onibusazulES_03-1536x1121.jpg 1536w, https:\/\/www.mochileiros.com\/blog\/wp-content\/uploads\/2020\/09\/onibusazulES_03-2048x1494.jpg 2048w, https:\/\/www.mochileiros.com\/blog\/wp-content\/uploads\/2020\/09\/onibusazulES_03-788x574.jpg 788w\" sizes=\"auto, (max-width: 1024px) 100vw, 1024px\" \/><p id=\"caption-attachment-51347\" class=\"wp-caption-text\">Para quem mora numa grande cidade, os \u00f4nibus adaptados s\u00e3o quase mini apartamentos | Foto: Divulga\u00e7\u00e3o.<\/p><\/div>\n<div id=\"attachment_51362\" style=\"width: 1034px\" class=\"wp-caption aligncenter\"><img loading=\"lazy\" decoding=\"async\" aria-describedby=\"caption-attachment-51362\" class=\"wp-image-51362 size-large\" src=\"https:\/\/www.mochileiros.com\/blog\/wp-content\/uploads\/2020\/09\/118519885_1724002991097719_7832473883228888583_n-1024x768.jpg\" alt=\"\" width=\"1024\" height=\"768\" srcset=\"https:\/\/www.mochileiros.com\/blog\/wp-content\/uploads\/2020\/09\/118519885_1724002991097719_7832473883228888583_n-1024x768.jpg 1024w, https:\/\/www.mochileiros.com\/blog\/wp-content\/uploads\/2020\/09\/118519885_1724002991097719_7832473883228888583_n-300x225.jpg 300w, https:\/\/www.mochileiros.com\/blog\/wp-content\/uploads\/2020\/09\/118519885_1724002991097719_7832473883228888583_n-768x576.jpg 768w, https:\/\/www.mochileiros.com\/blog\/wp-content\/uploads\/2020\/09\/118519885_1724002991097719_7832473883228888583_n-1536x1152.jpg 1536w, https:\/\/www.mochileiros.com\/blog\/wp-content\/uploads\/2020\/09\/118519885_1724002991097719_7832473883228888583_n-2048x1536.jpg 2048w, https:\/\/www.mochileiros.com\/blog\/wp-content\/uploads\/2020\/09\/118519885_1724002991097719_7832473883228888583_n-788x591.jpg 788w, https:\/\/www.mochileiros.com\/blog\/wp-content\/uploads\/2020\/09\/118519885_1724002991097719_7832473883228888583_n.jpg 1080w\" sizes=\"auto, (max-width: 1024px) 100vw, 1024px\" \/><p id=\"caption-attachment-51362\" class=\"wp-caption-text\">Foto: Divulga\u00e7\u00e3o.<\/p><\/div>\n<div id=\"attachment_51348\" style=\"width: 1034px\" class=\"wp-caption aligncenter\"><img loading=\"lazy\" decoding=\"async\" aria-describedby=\"caption-attachment-51348\" class=\"wp-image-51348 size-full\" src=\"https:\/\/www.mochileiros.com\/blog\/wp-content\/uploads\/2020\/09\/onibusazulES_02.jpg\" alt=\"\" width=\"1024\" height=\"752\" srcset=\"https:\/\/www.mochileiros.com\/blog\/wp-content\/uploads\/2020\/09\/onibusazulES_02.jpg 1024w, https:\/\/www.mochileiros.com\/blog\/wp-content\/uploads\/2020\/09\/onibusazulES_02-300x220.jpg 300w, https:\/\/www.mochileiros.com\/blog\/wp-content\/uploads\/2020\/09\/onibusazulES_02-768x564.jpg 768w, https:\/\/www.mochileiros.com\/blog\/wp-content\/uploads\/2020\/09\/onibusazulES_02-1536x1128.jpg 1536w, https:\/\/www.mochileiros.com\/blog\/wp-content\/uploads\/2020\/09\/onibusazulES_02-2048x1504.jpg 2048w, https:\/\/www.mochileiros.com\/blog\/wp-content\/uploads\/2020\/09\/onibusazulES_02-788x578.jpg 788w\" sizes=\"auto, (max-width: 1024px) 100vw, 1024px\" \/><p id=\"caption-attachment-51348\" class=\"wp-caption-text\">Cozinha do \u00f4nibus | Foto: Divulga\u00e7\u00e3o.<\/p><\/div>\n<div id=\"attachment_51350\" style=\"width: 1034px\" class=\"wp-caption aligncenter\"><img loading=\"lazy\" decoding=\"async\" aria-describedby=\"caption-attachment-51350\" class=\"wp-image-51350 size-full\" src=\"https:\/\/www.mochileiros.com\/blog\/wp-content\/uploads\/2020\/09\/onibusazulES_05.jpg\" alt=\"\" width=\"1024\" height=\"659\" srcset=\"https:\/\/www.mochileiros.com\/blog\/wp-content\/uploads\/2020\/09\/onibusazulES_05.jpg 1024w, https:\/\/www.mochileiros.com\/blog\/wp-content\/uploads\/2020\/09\/onibusazulES_05-300x193.jpg 300w, https:\/\/www.mochileiros.com\/blog\/wp-content\/uploads\/2020\/09\/onibusazulES_05-768x494.jpg 768w, https:\/\/www.mochileiros.com\/blog\/wp-content\/uploads\/2020\/09\/onibusazulES_05-1536x989.jpg 1536w, https:\/\/www.mochileiros.com\/blog\/wp-content\/uploads\/2020\/09\/onibusazulES_05-2048x1318.jpg 2048w, https:\/\/www.mochileiros.com\/blog\/wp-content\/uploads\/2020\/09\/onibusazulES_05-788x507.jpg 788w\" sizes=\"auto, (max-width: 1024px) 100vw, 1024px\" \/><p id=\"caption-attachment-51350\" class=\"wp-caption-text\">\u00c1rea externa | Foto: Divulga\u00e7\u00e3o.<\/p><\/div>\n<p><iframe loading=\"lazy\" title=\"Meu \u00f4nibus Azul - Experi\u00eancia nas Montanhas capixabas\" width=\"740\" height=\"416\" src=\"https:\/\/www.youtube.com\/embed\/Gg3dAgMbU08?feature=oembed\" frameborder=\"0\" allow=\"accelerometer; autoplay; clipboard-write; encrypted-media; gyroscope; picture-in-picture; web-share\" referrerpolicy=\"strict-origin-when-cross-origin\" allowfullscreen><\/iframe><\/p>\n<div id=\"attachment_51353\" style=\"width: 1034px\" class=\"wp-caption aligncenter\"><img loading=\"lazy\" decoding=\"async\" aria-describedby=\"caption-attachment-51353\" class=\"wp-image-51353 size-full\" src=\"https:\/\/www.mochileiros.com\/blog\/wp-content\/uploads\/2020\/09\/pedraazul_ArgeoneHerbst_mtur.jpg\" alt=\"\" width=\"1024\" height=\"683\" srcset=\"https:\/\/www.mochileiros.com\/blog\/wp-content\/uploads\/2020\/09\/pedraazul_ArgeoneHerbst_mtur.jpg 1024w, https:\/\/www.mochileiros.com\/blog\/wp-content\/uploads\/2020\/09\/pedraazul_ArgeoneHerbst_mtur-300x200.jpg 300w, https:\/\/www.mochileiros.com\/blog\/wp-content\/uploads\/2020\/09\/pedraazul_ArgeoneHerbst_mtur-768x512.jpg 768w, https:\/\/www.mochileiros.com\/blog\/wp-content\/uploads\/2020\/09\/pedraazul_ArgeoneHerbst_mtur-1536x1025.jpg 1536w, https:\/\/www.mochileiros.com\/blog\/wp-content\/uploads\/2020\/09\/pedraazul_ArgeoneHerbst_mtur-2048x1366.jpg 2048w, https:\/\/www.mochileiros.com\/blog\/wp-content\/uploads\/2020\/09\/pedraazul_ArgeoneHerbst_mtur-788x525.jpg 788w\" sizes=\"auto, (max-width: 1024px) 100vw, 1024px\" \/><p id=\"caption-attachment-51353\" class=\"wp-caption-text\">Domingos Martins tem belas paisagens, como as do Parque Pedra Azul | Foto: Argeone Herbst\/MTur.<\/p><\/div>\n<div id=\"attachment_51355\" style=\"width: 1034px\" class=\"wp-caption aligncenter\"><img loading=\"lazy\" decoding=\"async\" aria-describedby=\"caption-attachment-51355\" class=\"wp-image-51355 size-full\" src=\"https:\/\/www.mochileiros.com\/blog\/wp-content\/uploads\/2020\/09\/areadoparque_pedraazul_ArgeoneHerbst_mtur.jpg\" alt=\"\" width=\"1024\" height=\"683\" srcset=\"https:\/\/www.mochileiros.com\/blog\/wp-content\/uploads\/2020\/09\/areadoparque_pedraazul_ArgeoneHerbst_mtur.jpg 1024w, https:\/\/www.mochileiros.com\/blog\/wp-content\/uploads\/2020\/09\/areadoparque_pedraazul_ArgeoneHerbst_mtur-300x200.jpg 300w, https:\/\/www.mochileiros.com\/blog\/wp-content\/uploads\/2020\/09\/areadoparque_pedraazul_ArgeoneHerbst_mtur-768x512.jpg 768w, https:\/\/www.mochileiros.com\/blog\/wp-content\/uploads\/2020\/09\/areadoparque_pedraazul_ArgeoneHerbst_mtur-1536x1025.jpg 1536w, https:\/\/www.mochileiros.com\/blog\/wp-content\/uploads\/2020\/09\/areadoparque_pedraazul_ArgeoneHerbst_mtur-2048x1366.jpg 2048w, https:\/\/www.mochileiros.com\/blog\/wp-content\/uploads\/2020\/09\/areadoparque_pedraazul_ArgeoneHerbst_mtur-788x525.jpg 788w\" sizes=\"auto, (max-width: 1024px) 100vw, 1024px\" \/><p id=\"caption-attachment-51355\" class=\"wp-caption-text\">\u00c1rea do Parque Pedra Azul | Foto: Argeone Herbst\/MTur.<\/p><\/div>\n<p>&nbsp;<\/p>\n<ul>\n<li><strong>Para mais informa\u00e7\u00f5es, fotos, detalhes e como reservar uma estadia no &#8220;\u00d4nibus azul&#8221; <span style=\"text-decoration: underline;\"><a href=\"https:\/\/www.airbnb.com.br\/associates\/115739?s=67&amp;c=.pi115.pk0_9&amp;a4ptk=14855_0_9_115739&amp;af=115\" target=\"_blank\" rel=\"noopener noreferrer\">clique aqui<\/a><\/span>.<\/strong><\/li>\n<li><strong>Ainda n\u00e3o \u00e9 cadastrado(a) no Airbnb? Clique <span style=\"text-decoration: underline;\"><a href=\"https:\/\/www.mochileiros.com\/descontos\/cupom-airbnb\/\" target=\"_blank\" rel=\"noopener noreferrer\">aqui<\/a><\/span> e receba cr\u00e9dito para voc\u00ea reservar sua primeira hospedagem!<\/strong><\/li>\n<\/ul>\n<p><em>Este post cont\u00e9m links de afiliados. Ao efetuar uma reserva atrav\u00e9s de algum deles, o Mochileiros.com pode ganhar uma pequena porcentagem de comissionamento, mas voc\u00ea n\u00e3o pagar\u00e1 nada a mais por isso e ainda ajuda o site a trazer mais conte\u00fado!<\/em><\/p>\n","protected":false},"excerpt":{"rendered":"<p>A bela cidade de Domingos Martins, nas montanhas do Esp\u00edrito Santo oferece agora uma op\u00e7\u00e3o de hospedagem daquelas para quem procura uma experi\u00eancia fora do convencional ou, por que n\u00e3o um &#8220;test-drive&#8221; para quem sonha em ter um motorhome, uma casa sobre rodas para viajar por a\u00ed. Sim, porque voc\u00ea poder\u00e1 se hospedar na montanha, [&hellip;]<\/p>\n","protected":false},"author":55,"featured_media":51366,"comment_status":"open","ping_status":"closed","sticky":false,"template":"","format":"standard","meta":{"googlesitekit_rrm_CAoiELM5mIOjYRN0nfylq3_9r-8:productID":"","_crdt_document":"","_daim_seo_power":"1000","_daim_enable_ail":"1","footnotes":""},"categories":[168],"tags":[1576,1304],"class_list":["post-51344","post","type-post","status-publish","format-standard","has-post-thumbnail","hentry","category-blog","tag-airbnb","tag-espirito-santo"],"_links":{"self":[{"href":"https:\/\/www.mochileiros.com\/blog\/wp-json\/wp\/v2\/posts\/51344","targetHints":{"allow":["GET"]}}],"collection":[{"href":"https:\/\/www.mochileiros.com\/blog\/wp-json\/wp\/v2\/posts"}],"about":[{"href":"https:\/\/www.mochileiros.com\/blog\/wp-json\/wp\/v2\/types\/post"}],"author":[{"embeddable":true,"href":"https:\/\/www.mochileiros.com\/blog\/wp-json\/wp\/v2\/users\/55"}],"replies":[{"embeddable":true,"href":"https:\/\/www.mochileiros.com\/blog\/wp-json\/wp\/v2\/comments?post=51344"}],"version-history":[{"count":0,"href":"https:\/\/www.mochileiros.com\/blog\/wp-json\/wp\/v2\/posts\/51344\/revisions"}],"wp:featuredmedia":[{"embeddable":true,"href":"https:\/\/www.mochileiros.com\/blog\/wp-json\/wp\/v2\/media\/51366"}],"wp:attachment":[{"href":"https:\/\/www.mochileiros.com\/blog\/wp-json\/wp\/v2\/media?parent=51344"}],"wp:term":[{"taxonomy":"category","embeddable":true,"href":"https:\/\/www.mochileiros.com\/blog\/wp-json\/wp\/v2\/categories?post=51344"},{"taxonomy":"post_tag","embeddable":true,"href":"https:\/\/www.mochileiros.com\/blog\/wp-json\/wp\/v2\/tags?post=51344"}],"curies":[{"name":"wp","href":"https:\/\/api.w.org\/{rel}","templated":true}]}}