{"id":52825,"date":"2020-10-28T19:02:27","date_gmt":"2020-10-28T22:02:27","guid":{"rendered":"https:\/\/www.mochileiros.com\/blog\/?p=52825"},"modified":"2020-10-28T19:19:41","modified_gmt":"2020-10-28T22:19:41","slug":"uma-viagem-pelos-paises-que-nao-existem-tera-nova-edicao","status":"publish","type":"post","link":"https:\/\/www.mochileiros.com\/blog\/uma-viagem-pelos-paises-que-nao-existem-tera-nova-edicao","title":{"rendered":"&#8220;Uma viagem pelos pa\u00edses que n\u00e3o existem&#8221; ter\u00e1 nova edi\u00e7\u00e3o"},"content":{"rendered":"<p>Imagine uma jornada por lugares pouco explorados, por culturas diferentes, por terras in\u00f3spitas e por &#8220;pa\u00edses que n\u00e3o existem&#8221;. Isso \u00e9 poss\u00edvel? O curitibano Guilherme Canever provou que sim e aventurou-se por pa\u00edses independentes n\u00e3o reconhecidos pelas Na\u00e7\u00f5es Unidas. Pa\u00edses com fronteiras, bandeiras, popula\u00e7\u00f5es, vistos, moedas pr\u00f3prias e sistemas de governo que n\u00e3o fazem parte dos 193 pa\u00edses-membros da ONU. Da\u00ed nasceu o livro &#8220;Uma viagem pelos pa\u00edses que n\u00e3o existem&#8221;, obra que se tornou uma das principais fontes de refer\u00eancia sobre esses lugares.<br \/>\nO tema interessant\u00edssimo despertou a curiosidade da imprensa e leitores mundo afora e o livro lan\u00e7ado em 2016 em l\u00edngua portuguesa ganhou novas edi\u00e7\u00f5es, agora em ingl\u00eas e espanhol (por enquanto em e-book). Um baita presente para aquele(a) amigo(a) gringo(a) louco(a) por viagem como voc\u00ea.<\/p>\n<p>Agora Canever trabalha na 2\u00aa edi\u00e7\u00e3o do livro (em portugu\u00eas), uma boa oportunidade pra voc\u00ea garantir um exemplar com pre\u00e7os promocionais. A pr\u00e9-venda j\u00e1 est\u00e1 dispon\u00edvel. Acesse o <strong><span style=\"text-decoration: underline;\"><a href=\"https:\/\/www.kickante.com.br\/campanhas\/uma-viagem-pelos-paises-que-nao-existem-2a-ed\" target=\"_blank\" rel=\"noopener noreferrer\">https:\/\/www.kickante.com.br\/campanhas\/uma-viagem-pelos-paises-que-nao-existem-2a-ed<\/a> <\/span><\/strong>e saiba mais.<\/p>\n<p>&nbsp;<\/p>\n<div id=\"attachment_52826\" style=\"width: 430px\" class=\"wp-caption aligncenter\"><img loading=\"lazy\" decoding=\"async\" aria-describedby=\"caption-attachment-52826\" class=\"wp-image-52826 size-full\" src=\"https:\/\/www.mochileiros.com\/blog\/wp-content\/uploads\/2020\/10\/paises_que_nao_existem_-_capa_portugues.png\" alt=\"\" width=\"420\" height=\"611\" srcset=\"https:\/\/www.mochileiros.com\/blog\/wp-content\/uploads\/2020\/10\/paises_que_nao_existem_-_capa_portugues.png 420w, https:\/\/www.mochileiros.com\/blog\/wp-content\/uploads\/2020\/10\/paises_que_nao_existem_-_capa_portugues-206x300.png 206w, https:\/\/www.mochileiros.com\/blog\/wp-content\/uploads\/2020\/10\/paises_que_nao_existem_-_capa_portugues-704x1024.png 704w, https:\/\/www.mochileiros.com\/blog\/wp-content\/uploads\/2020\/10\/paises_que_nao_existem_-_capa_portugues-768x1117.png 768w, https:\/\/www.mochileiros.com\/blog\/wp-content\/uploads\/2020\/10\/paises_que_nao_existem_-_capa_portugues-1056x1536.png 1056w, https:\/\/www.mochileiros.com\/blog\/wp-content\/uploads\/2020\/10\/paises_que_nao_existem_-_capa_portugues-1408x2048.png 1408w, https:\/\/www.mochileiros.com\/blog\/wp-content\/uploads\/2020\/10\/paises_que_nao_existem_-_capa_portugues-788x1146.png 788w\" sizes=\"auto, (max-width: 420px) 100vw, 420px\" \/><p id=\"caption-attachment-52826\" class=\"wp-caption-text\">Foto: Divulga\u00e7\u00e3o.<\/p><\/div>\n<h3>Livro repercutiu em mais de 30 pa\u00edses<\/h3>\n<p>Poucos dias depois de ser traduzido para o ingl\u00eas (<span style=\"text-decoration: underline;\"><a href=\"https:\/\/www.amazon.com.br\/Unrecognized-Nations-Travels-countries-English-ebook\/dp\/B089JGY4KP\/ref=sr_1_5?__mk_pt_BR=%C3%85M%C3%85%C5%BD%C3%95%C3%91&amp;dchild=1&amp;keywords=guilherme+canever&amp;qid=1603922754&amp;sr=8-5\" target=\"_blank\" rel=\"noopener noreferrer\"><em><strong>&#8220;Unrecognized Nations&#8221;<\/strong><\/em><\/a><\/span>) e para o espanhol (<em><strong>&#8220;<span style=\"text-decoration: underline;\"><a href=\"https:\/\/www.amazon.com.br\/viaje-por-pa%C3%ADses-Existen-Spanish-ebook\/dp\/B08GWRSBHG\/ref=sr_1_6?__mk_pt_BR=%C3%85M%C3%85%C5%BD%C3%95%C3%91&amp;dchild=1&amp;keywords=guilherme+canever&amp;qid=1603922754&amp;sr=8-6\" target=\"_blank\" rel=\"noopener noreferrer\">Un viaje por pa\u00edses que no existen<\/a><\/span>&#8220;<\/strong><\/em>) uma mat\u00e9ria sobre o livro e a viagem estampava a p\u00e1gina principal do portal da <span style=\"text-decoration: underline;\"><a href=\"https:\/\/edition.cnn.com\/travel\/article\/visit-country-that-doesnt-exist\/index.html\" target=\"_blank\" rel=\"noopener noreferrer\">CNN internacional<\/a><\/span>. O lan\u00e7amento repercutiu em mais de 30 pa\u00edses, com mat\u00e9rias feitas em diversas l\u00ednguas.<br \/>\nA op\u00e7\u00e3o em e-book em l\u00edngua portuguesa pode ser adquirida <strong><span style=\"text-decoration: underline;\"><a href=\"https:\/\/www.amazon.com.br\/Uma-viagem-pelos-pa%C3%ADses-existem-ebook\/dp\/B07GNM4Q56\/ref=sr_1_3?__mk_pt_BR=%C3%85M%C3%85%C5%BD%C3%95%C3%91&amp;dchild=1&amp;keywords=guilherme+canever&amp;qid=1603922754&amp;sr=8-3\" target=\"_blank\" rel=\"noopener noreferrer\">aqui<\/a><\/span><\/strong>.<\/p>\n<div id=\"attachment_52827\" style=\"width: 1034px\" class=\"wp-caption aligncenter\"><img loading=\"lazy\" decoding=\"async\" aria-describedby=\"caption-attachment-52827\" class=\"wp-image-52827 size-full\" src=\"https:\/\/www.mochileiros.com\/blog\/wp-content\/uploads\/2020\/10\/caneverclipping.jpg\" alt=\"\" width=\"1024\" height=\"319\" srcset=\"https:\/\/www.mochileiros.com\/blog\/wp-content\/uploads\/2020\/10\/caneverclipping.jpg 1024w, https:\/\/www.mochileiros.com\/blog\/wp-content\/uploads\/2020\/10\/caneverclipping-300x93.jpg 300w, https:\/\/www.mochileiros.com\/blog\/wp-content\/uploads\/2020\/10\/caneverclipping-767x239.jpg 767w, https:\/\/www.mochileiros.com\/blog\/wp-content\/uploads\/2020\/10\/caneverclipping-1536x479.jpg 1536w, https:\/\/www.mochileiros.com\/blog\/wp-content\/uploads\/2020\/10\/caneverclipping-2048x638.jpg 2048w, https:\/\/www.mochileiros.com\/blog\/wp-content\/uploads\/2020\/10\/caneverclipping-788x245.jpg 788w\" sizes=\"auto, (max-width: 1024px) 100vw, 1024px\" \/><p id=\"caption-attachment-52827\" class=\"wp-caption-text\">Fotos: Reprodu\u00e7\u00e3o.<\/p><\/div>\n<p><strong>Saiba mais sobre o livro, o autor e outras obras dele no site <span style=\"text-decoration: underline;\"><a href=\"https:\/\/saiporai.com\/\" target=\"_blank\" rel=\"noopener noreferrer\">https:\/\/saiporai.com\/<\/a><\/span> , <span style=\"text-decoration: underline;\"><a href=\"https:\/\/www.facebook.com\/SaiPorAi\/\" target=\"_blank\" rel=\"noopener noreferrer\">Facebook<\/a><\/span>, <span style=\"text-decoration: underline;\"><a href=\"https:\/\/www.instagram.com\/saiporai\/\" target=\"_blank\" rel=\"noopener noreferrer\">Instagram<\/a><\/span> e <span style=\"text-decoration: underline;\"><a href=\"https:\/\/twitter.com\/saiporai\" target=\"_blank\" rel=\"noopener noreferrer\">Twitter<\/a><\/span>.<\/strong><\/p>\n<p><em>A imagem (da home e) que traz at\u00e9 este post \u00e9 de divulga\u00e7\u00e3o (interven\u00e7\u00e3o sobre foto de Kyle Glenn\/Unsplash).<\/em><\/p>\n","protected":false},"excerpt":{"rendered":"<p>Imagine uma jornada por lugares pouco explorados, por culturas diferentes, por terras in\u00f3spitas e por &#8220;pa\u00edses que n\u00e3o existem&#8221;. Isso \u00e9 poss\u00edvel? O curitibano Guilherme Canever provou que sim e aventurou-se por pa\u00edses independentes n\u00e3o reconhecidos pelas Na\u00e7\u00f5es Unidas. Pa\u00edses com fronteiras, bandeiras, popula\u00e7\u00f5es, vistos, moedas pr\u00f3prias e sistemas de governo que n\u00e3o fazem parte [&hellip;]<\/p>\n","protected":false},"author":55,"featured_media":52832,"comment_status":"open","ping_status":"closed","sticky":false,"template":"","format":"standard","meta":{"googlesitekit_rrm_CAoiELM5mIOjYRN0nfylq3_9r-8:productID":"","_crdt_document":"","_daim_seo_power":"1000","_daim_enable_ail":"1","footnotes":""},"categories":[14],"tags":[1243,169],"class_list":["post-52825","post","type-post","status-publish","format-standard","has-post-thumbnail","hentry","category-noticias","tag-literatura-de-viagem","tag-livros"],"_links":{"self":[{"href":"https:\/\/www.mochileiros.com\/blog\/wp-json\/wp\/v2\/posts\/52825","targetHints":{"allow":["GET"]}}],"collection":[{"href":"https:\/\/www.mochileiros.com\/blog\/wp-json\/wp\/v2\/posts"}],"about":[{"href":"https:\/\/www.mochileiros.com\/blog\/wp-json\/wp\/v2\/types\/post"}],"author":[{"embeddable":true,"href":"https:\/\/www.mochileiros.com\/blog\/wp-json\/wp\/v2\/users\/55"}],"replies":[{"embeddable":true,"href":"https:\/\/www.mochileiros.com\/blog\/wp-json\/wp\/v2\/comments?post=52825"}],"version-history":[{"count":0,"href":"https:\/\/www.mochileiros.com\/blog\/wp-json\/wp\/v2\/posts\/52825\/revisions"}],"wp:featuredmedia":[{"embeddable":true,"href":"https:\/\/www.mochileiros.com\/blog\/wp-json\/wp\/v2\/media\/52832"}],"wp:attachment":[{"href":"https:\/\/www.mochileiros.com\/blog\/wp-json\/wp\/v2\/media?parent=52825"}],"wp:term":[{"taxonomy":"category","embeddable":true,"href":"https:\/\/www.mochileiros.com\/blog\/wp-json\/wp\/v2\/categories?post=52825"},{"taxonomy":"post_tag","embeddable":true,"href":"https:\/\/www.mochileiros.com\/blog\/wp-json\/wp\/v2\/tags?post=52825"}],"curies":[{"name":"wp","href":"https:\/\/api.w.org\/{rel}","templated":true}]}}