{"id":5543,"date":"2013-02-20T00:10:32","date_gmt":"2013-02-20T03:10:32","guid":{"rendered":"https:\/\/www.mochileiros.com\/blog\/?p=5543"},"modified":"2013-03-11T17:52:58","modified_gmt":"2013-03-11T20:52:58","slug":"livro-mochila-social-alex-fisberg","status":"publish","type":"post","link":"https:\/\/www.mochileiros.com\/blog\/livro-mochila-social-alex-fisberg","title":{"rendered":"&#8216;Mochila Social&#8217; traz relatos e reflex\u00f5es de jornalista mochileiro na \u00c1frica"},"content":{"rendered":"<p style=\"text-align: justify;\">No dia 1\u00b0 de Mar\u00e7o foi lan\u00e7ado o livro \u201cMochila Social: um olhar sobre desenvolvimento social e pobreza no leste da \u00c1frica\u201d, do jovem jornalista Alex Fisberg. Com projeto gr\u00e1fico elaborado por Gustavo Piqueira (Casa Rex), o livro apresenta os relatos e as reflex\u00f5es de uma expedi\u00e7\u00e3o de mais de 4 meses por 6 pa\u00edses do continente africano.<br \/>\nEntre agosto e novembro de 2011, o jornalista viajou por pa\u00edses como Egito, Eti\u00f3pia, Qu\u00eania, Uganda, Ruanda, e Tanz\u00e2nia com uma mochila nas costas em busca de experi\u00eancias relevantes na \u00e1rea de desenvolvimento social e erradica\u00e7\u00e3o da pobreza. O projeto, nomeado Mochila Social, pretendia atrair e inspirar tamb\u00e9m outros jovens interessados em explorar seus pr\u00f3prios arredores com um olhar voltado ao que pode ser feito para contribuir para a melhoria das condi\u00e7\u00f5es de vida das pessoas.<br \/>\nCom o objetivo de ampliar a discuss\u00e3o sobre o que \u00e9 pobreza e o que j\u00e1 vem sendo feito na tentativa de erradic\u00e1-la ao redor do mundo, Alex produziu, al\u00e9m do livro completamente ilustrado, um site com materiais pedag\u00f3gicos dispon\u00edveis gratuitamente para que professores trabalhem o conte\u00fado com seus alunos. O livro foi produzido de forma totalmente independente e parcialmente financiado colaborativamente por uma plataforma de crowdfunding, o que permitiu a produ\u00e7\u00e3o de um audiolivro adaptado a portadores de necessidades especiais, uma pequena exposi\u00e7\u00e3o de fotos para o lan\u00e7amento e a doa\u00e7\u00e3o de mil exemplares impressos para escolas e bibliotecas da rede p\u00fablica.<br \/>\nJovem, observador e reflexivo, o livro pretende organizar, atrav\u00e9s de uma experi\u00eancia individual, a possibilidade de constru\u00e7\u00e3o de uma sociedade mais consciente de seu entorno, mas respons\u00e1vel por suas a\u00e7\u00f5es. O livro \u00e9 uma oportunidade de conhecer diferentes realidades e faces da pobreza, al\u00e9m de desmistificar o continente africano para uma realidade mais pr\u00f3xima \u00e0 vivida no Brasil. Quest\u00f5es e reflex\u00f5es sobre as condi\u00e7\u00f5es reais de vida e moradia servem para atrair a aten\u00e7\u00e3o para que a\u00e7\u00f5es sejam tomadas na realiza\u00e7\u00e3o do potencial de desenvolvimento que j\u00e1 somos capazes de promover, em qualquer lugar.<\/p>\n<p style=\"text-align: justify;\"><strong>Mais informa\u00e7\u00f5es sobre o livro, o autor e como adquirir um exemplar autografado podem ser obtidas no <span style=\"text-decoration: underline;\"><a href=\"http:\/\/www.mochilasocial.com\/\" target=\"_blank\" rel=\"noopener\">www.mochilasocial.com<\/a><\/span><\/strong><\/p>\n<p style=\"text-align: justify;\"><a href=\"https:\/\/www.mochileiros.com\/blog\/livros-cinema-afins\/lancamento-livro-mochila-social\/attachment\/livromochilasocial_lancamento\" rel=\"attachment wp-att-5544\"><img decoding=\"async\" class=\"alignnone  wp-image-5544\" alt=\"Capa do livro &quot;Mochila Social&quot; | Reprodu\u00e7\u00e3o\" src=\"https:\/\/www.mochileiros.com\/blog\/wp-content\/uploads\/2013\/02\/livromochilasocial_lancamento.jpg\" width=\"650\" srcset=\"https:\/\/www.mochileiros.com\/blog\/wp-content\/uploads\/2013\/02\/livromochilasocial_lancamento.jpg 426w, https:\/\/www.mochileiros.com\/blog\/wp-content\/uploads\/2013\/02\/livromochilasocial_lancamento-213x300.jpg 213w, https:\/\/www.mochileiros.com\/blog\/wp-content\/uploads\/2013\/02\/livromochilasocial_lancamento-313x441.jpg 313w, https:\/\/www.mochileiros.com\/blog\/wp-content\/uploads\/2013\/02\/livromochilasocial_lancamento-14x20.jpg 14w\" sizes=\"(max-width: 426px) 100vw, 426px\" \/><\/a><\/p>\n","protected":false},"excerpt":{"rendered":"<p>No dia 1\u00b0 de Mar\u00e7o foi lan\u00e7ado o livro \u201cMochila Social: um olhar sobre desenvolvimento social e pobreza no leste da \u00c1frica\u201d, do jovem jornalista Alex Fisberg. Com projeto gr\u00e1fico elaborado por Gustavo Piqueira (Casa Rex), o livro apresenta os relatos e as reflex\u00f5es de uma expedi\u00e7\u00e3o de mais de 4 meses por 6 pa\u00edses [&hellip;]<\/p>\n","protected":false},"author":2,"featured_media":5552,"comment_status":"open","ping_status":"closed","sticky":false,"template":"","format":"standard","meta":{"googlesitekit_rrm_CAoiELM5mIOjYRN0nfylq3_9r-8:productID":"","_crdt_document":"","_daim_seo_power":"","_daim_enable_ail":"","footnotes":""},"categories":[14],"tags":[169,12],"class_list":["post-5543","post","type-post","status-publish","format-standard","has-post-thumbnail","hentry","category-noticias","tag-livros","tag-livros-cinema-afins"],"_links":{"self":[{"href":"https:\/\/www.mochileiros.com\/blog\/wp-json\/wp\/v2\/posts\/5543","targetHints":{"allow":["GET"]}}],"collection":[{"href":"https:\/\/www.mochileiros.com\/blog\/wp-json\/wp\/v2\/posts"}],"about":[{"href":"https:\/\/www.mochileiros.com\/blog\/wp-json\/wp\/v2\/types\/post"}],"author":[{"embeddable":true,"href":"https:\/\/www.mochileiros.com\/blog\/wp-json\/wp\/v2\/users\/2"}],"replies":[{"embeddable":true,"href":"https:\/\/www.mochileiros.com\/blog\/wp-json\/wp\/v2\/comments?post=5543"}],"version-history":[{"count":0,"href":"https:\/\/www.mochileiros.com\/blog\/wp-json\/wp\/v2\/posts\/5543\/revisions"}],"wp:featuredmedia":[{"embeddable":true,"href":"https:\/\/www.mochileiros.com\/blog\/wp-json\/wp\/v2\/media\/5552"}],"wp:attachment":[{"href":"https:\/\/www.mochileiros.com\/blog\/wp-json\/wp\/v2\/media?parent=5543"}],"wp:term":[{"taxonomy":"category","embeddable":true,"href":"https:\/\/www.mochileiros.com\/blog\/wp-json\/wp\/v2\/categories?post=5543"},{"taxonomy":"post_tag","embeddable":true,"href":"https:\/\/www.mochileiros.com\/blog\/wp-json\/wp\/v2\/tags?post=5543"}],"curies":[{"name":"wp","href":"https:\/\/api.w.org\/{rel}","templated":true}]}}