{"id":56782,"date":"2021-01-20T17:57:59","date_gmt":"2021-01-20T20:57:59","guid":{"rendered":"https:\/\/www.mochileiros.com\/blog\/?p=56782"},"modified":"2021-01-24T14:38:39","modified_gmt":"2021-01-24T17:38:39","slug":"airbnb-domingos-martins","status":"publish","type":"post","link":"https:\/\/www.mochileiros.com\/blog\/airbnb-domingos-martins","title":{"rendered":"Airbnb Domingos Martins: 10 op\u00e7\u00f5es com belas vistas para voc\u00ea desfrutar"},"content":{"rendered":"<p>A cidade de Domingos Martins, nas montanhas capixabas figurou como uma das mais <a href=\"https:\/\/www.mochileiros.com\/blog\/saiba-quais-sao-as-cidades-mais-buscadas-para-isolamento-em-casas-de-campo-no-brasil-no-airbnb\">buscadas no Airbnb para isolamento durante a pandemia<\/a> e agora, com o <a href=\"https:\/\/public.flourish.studio\/visualisation\/3247850\/\" target=\"_blank\" rel=\"noopener\">Esp\u00edrito Santo entre os estados com estabilidade nos casos de Covid-19<\/a> segue como op\u00e7\u00e3o para aqueles que, respeitando as regras, queiram descansar em meio \u00e0 natureza, com um belo cen\u00e1rio de fundo.<br \/>Neste post trazemos pra voc\u00ea op\u00e7\u00f5es de <strong>Airbnb Domingos Martins<\/strong>. S\u00e3o espa\u00e7os para quem busca tranquilidade, longe de lugares lotados e com belas vista para desfrutar.<\/p>\n<p>Com a pandemia casas de campo, ch\u00e1caras e casas com piscina t\u00eam sido cada vez mais buscadas como alternativa para viagens curtas com a fam\u00edlia sem abrir m\u00e3o da seguran\u00e7a. Esses tipos de hospedagem garantem que os viajantes estejam somente com o seu grupo de conv\u00edvio. Geralmente os deslocamentos s\u00e3o feitos em ve\u00edculo pr\u00f3prio (ou alugado) e as compras de mantimentos e produtos para esses dias de descanso e lazer s\u00e3o realizadas no mercado de costume (antes de sair) ou em algum mercado da cidade para onde se vai &#8211; em ambos os casos seguindo todos os protocolos de sanit\u00e1rios de seguran\u00e7a.<\/p>\n<p>Confira 10 op\u00e7\u00f5es de Airbnb que encontramos em Domingos Martins para voc\u00ea!<\/p>\n<div id=\"ez-toc-container\" class=\"ez-toc-v2_0_82_2 counter-hierarchy ez-toc-counter ez-toc-grey ez-toc-container-direction\">\n<div class=\"ez-toc-title-container\">\n<p class=\"ez-toc-title\" style=\"cursor:inherit\">\u00cdndice<\/p>\n<span class=\"ez-toc-title-toggle\"><a href=\"#\" class=\"ez-toc-pull-right ez-toc-btn ez-toc-btn-xs ez-toc-btn-default ez-toc-toggle\" aria-label=\"Alternar tabela de conte\u00fado\"><span class=\"ez-toc-js-icon-con\"><span class=\"\"><span class=\"eztoc-hide\" style=\"display:none;\">Toggle<\/span><span class=\"ez-toc-icon-toggle-span\"><svg style=\"fill: #999;color:#999\" xmlns=\"http:\/\/www.w3.org\/2000\/svg\" class=\"list-377408\" width=\"20px\" height=\"20px\" viewBox=\"0 0 24 24\" fill=\"none\"><path d=\"M6 6H4v2h2V6zm14 0H8v2h12V6zM4 11h2v2H4v-2zm16 0H8v2h12v-2zM4 16h2v2H4v-2zm16 0H8v2h12v-2z\" fill=\"currentColor\"><\/path><\/svg><svg style=\"fill: #999;color:#999\" class=\"arrow-unsorted-368013\" xmlns=\"http:\/\/www.w3.org\/2000\/svg\" width=\"10px\" height=\"10px\" viewBox=\"0 0 24 24\" version=\"1.2\" baseProfile=\"tiny\"><path d=\"M18.2 9.3l-6.2-6.3-6.2 6.3c-.2.2-.3.4-.3.7s.1.5.3.7c.2.2.4.3.7.3h11c.3 0 .5-.1.7-.3.2-.2.3-.5.3-.7s-.1-.5-.3-.7zM5.8 14.7l6.2 6.3 6.2-6.3c.2-.2.3-.5.3-.7s-.1-.5-.3-.7c-.2-.2-.4-.3-.7-.3h-11c-.3 0-.5.1-.7.3-.2.2-.3.5-.3.7s.1.5.3.7z\"\/><\/svg><\/span><\/span><\/span><\/a><\/span><\/div>\n<nav><ul class='ez-toc-list ez-toc-list-level-1 ' ><li class='ez-toc-page-1 ez-toc-heading-level-2'><a class=\"ez-toc-link ez-toc-heading-1\" href=\"https:\/\/www.mochileiros.com\/blog\/airbnb-domingos-martins\/#Casa_da_Adriana\" >Casa da Adriana<\/a><\/li><li class='ez-toc-page-1 ez-toc-heading-level-2'><a class=\"ez-toc-link ez-toc-heading-2\" href=\"https:\/\/www.mochileiros.com\/blog\/airbnb-domingos-martins\/#Lazer_nas_montanhas\" >Lazer nas montanhas<\/a><\/li><li class='ez-toc-page-1 ez-toc-heading-level-2'><a class=\"ez-toc-link ez-toc-heading-3\" href=\"https:\/\/www.mochileiros.com\/blog\/airbnb-domingos-martins\/#Rustic_house_for_nature_lovers_by_the_Pedra_Azul\" >Rustic house for nature lovers by the Pedra Azul<\/a><\/li><li class='ez-toc-page-1 ez-toc-heading-level-2'><a class=\"ez-toc-link ez-toc-heading-4\" href=\"https:\/\/www.mochileiros.com\/blog\/airbnb-domingos-martins\/#Casa_c_piscina_4_suites_Vista_da_Pedra_Azul\" >Casa c piscina , 4 su\u00edtes , Vista da Pedra Azul !<\/a><\/li><li class='ez-toc-page-1 ez-toc-heading-level-2'><a class=\"ez-toc-link ez-toc-heading-5\" href=\"https:\/\/www.mochileiros.com\/blog\/airbnb-domingos-martins\/#ChaleCasa_Montanhas_capixabas_Domingos_Martins_ES\" >Chal\u00e9\/Casa Montanhas capixabas Domingos Martins ES<\/a><\/li><li class='ez-toc-page-1 ez-toc-heading-level-2'><a class=\"ez-toc-link ez-toc-heading-6\" href=\"https:\/\/www.mochileiros.com\/blog\/airbnb-domingos-martins\/#Chale_Recanto_Verde_%E2%80%93_Pedra_Azul\" >Chal\u00e9 Recanto Verde &#8211; Pedra Azul<\/a><\/li><li class='ez-toc-page-1 ez-toc-heading-level-2'><a class=\"ez-toc-link ez-toc-heading-7\" href=\"https:\/\/www.mochileiros.com\/blog\/airbnb-domingos-martins\/#Recanto_da_Colina_%E2%80%93_Pedra_Azul\" >Recanto da Colina &#8211; Pedra Azul<\/a><\/li><li class='ez-toc-page-1 ez-toc-heading-level-2'><a class=\"ez-toc-link ez-toc-heading-8\" href=\"https:\/\/www.mochileiros.com\/blog\/airbnb-domingos-martins\/#Chale_Flor_das_Pedras\" >Chal\u00e9 Flor das Pedras<\/a><\/li><li class='ez-toc-page-1 ez-toc-heading-level-2'><a class=\"ez-toc-link ez-toc-heading-9\" href=\"https:\/\/www.mochileiros.com\/blog\/airbnb-domingos-martins\/#Sitio_bela_vista_lugar_encantador\" >S\u00edtio bela vista, lugar encantador !!!<\/a><\/li><li class='ez-toc-page-1 ez-toc-heading-level-2'><a class=\"ez-toc-link ez-toc-heading-10\" href=\"https:\/\/www.mochileiros.com\/blog\/airbnb-domingos-martins\/#Aconchegante_Chale_em_Pedra_Azul_ES\" >Aconchegante Chal\u00e9 em Pedra Azul, ES<\/a><\/li><li class='ez-toc-page-1 ez-toc-heading-level-2'><a class=\"ez-toc-link ez-toc-heading-11\" href=\"https:\/\/www.mochileiros.com\/blog\/airbnb-domingos-martins\/#Airbnb_Domingos_Martins_Mais_opcoes_para_todos_os_gostos_e_bolsos\" >Airbnb Domingos Martins: Mais op\u00e7\u00f5es para todos os gostos e bolsos!<\/a><\/li><\/ul><\/nav><\/div>\n<h2><span class=\"ez-toc-section\" id=\"Casa_da_Adriana\"><\/span>Casa da Adriana<span class=\"ez-toc-section-end\"><\/span><\/h2>\n<ul>\n<li>\n\t\t\t\t\t<a href=\"https:\/\/goo.gl\/maps\/TzuYg5NEnByTZGFt8\" target=\"_blank\" rel=\"noopener\"><br \/>\n\t\t\t\t\t\t\t\t\t\tArac\u00ea &#8211; Distrito de Domingos Martins<br \/>\n\t\t\t\t\t\t\t\t\t\t\t<\/a>\n\t\t\t\t\t\t\t\t\t<\/li>\n<\/ul>\n<p>\t\t\t<a href=\"https:\/\/www.airbnb.com.br\/associates\/361506?s=67&#038;c=.pi115.pk0_9&#038;a4ptk=14855_0_9_361506&#038;af=115\" target=\"_blank\" rel=\"noopener\">R$ 495 a di\u00e1ria para at\u00e9 7 pessoas<\/a>\t\t<\/p>\n<p>Esta casa oferece 2 quartos aconchegantes, cozinha equipada (com fog\u00f5es convencional e \u00e0 lenha), varanda e uma maravilhosa \u00e1rea externa, mas o que mais chama aten\u00e7\u00e3o \u00e9 a cachoeira que faz parte da propriedade. Os h\u00f3spedes podem ter acesso a ela bem como \u00e0 horta e a uma nascente na porta!<\/p>\n<p>\t\t\t\t\t\t\t\t\t\t<img decoding=\"async\" width=\"1200\" height=\"583\" src=\"https:\/\/www.mochileiros.com\/blog\/wp-content\/themes\/rehub-theme\/images\/default\/blank.gif\" data-src=\"https:\/\/www.mochileiros.com\/blog\/wp-content\/uploads\/2021\/01\/5ca96b75-c7ca-4e11-9dc9-2f9159387038.jpg\" alt=\"\" loading=\"lazy\" srcset=\"https:\/\/www.mochileiros.com\/blog\/wp-content\/uploads\/2021\/01\/5ca96b75-c7ca-4e11-9dc9-2f9159387038.jpg 1200w, https:\/\/www.mochileiros.com\/blog\/wp-content\/uploads\/2021\/01\/5ca96b75-c7ca-4e11-9dc9-2f9159387038-300x146.jpg 300w, https:\/\/www.mochileiros.com\/blog\/wp-content\/uploads\/2021\/01\/5ca96b75-c7ca-4e11-9dc9-2f9159387038-1024x497.jpg 1024w, https:\/\/www.mochileiros.com\/blog\/wp-content\/uploads\/2021\/01\/5ca96b75-c7ca-4e11-9dc9-2f9159387038-768x373.jpg 768w, https:\/\/www.mochileiros.com\/blog\/wp-content\/uploads\/2021\/01\/5ca96b75-c7ca-4e11-9dc9-2f9159387038-1536x746.jpg 1536w, https:\/\/www.mochileiros.com\/blog\/wp-content\/uploads\/2021\/01\/5ca96b75-c7ca-4e11-9dc9-2f9159387038-2048x995.jpg 2048w, https:\/\/www.mochileiros.com\/blog\/wp-content\/uploads\/2021\/01\/5ca96b75-c7ca-4e11-9dc9-2f9159387038-309x150.jpg 309w, https:\/\/www.mochileiros.com\/blog\/wp-content\/uploads\/2021\/01\/5ca96b75-c7ca-4e11-9dc9-2f9159387038-100x49.jpg 100w, https:\/\/www.mochileiros.com\/blog\/wp-content\/uploads\/2021\/01\/5ca96b75-c7ca-4e11-9dc9-2f9159387038-720x350.jpg 720w, https:\/\/www.mochileiros.com\/blog\/wp-content\/uploads\/2021\/01\/5ca96b75-c7ca-4e11-9dc9-2f9159387038-788x382.jpg 788w\" sizes=\"auto, (max-width: 1200px) 100vw, 1200px\"><br \/>\n\t\t\t\t\t\t\t<a href=\"https:\/\/www.mochileiros.com\/blog\/wp-content\/uploads\/2021\/01\/5c0084a2-542a-493b-8ad0-caa652097804.jpg\" data-elementor-open-lightbox=\"yes\" data-elementor-lightbox-slideshow=\"all-5422d05a\" data-elementor-lightbox-title=\"Airbnb Domingos Martins - Casa da Adriana\" data-elementor-lightbox-description=\"Airbnb Domingos Martins - Casa da Adriana\"><br \/>\n\t\t\t\t\t\t\t\t\t\t\t\t\t\t<\/a><br \/>\n\t\t\t\t\t\t\t<a href=\"https:\/\/www.mochileiros.com\/blog\/wp-content\/uploads\/2021\/01\/a9b6ecbb-be30-4a7f-ade8-442b544cc1e6.jpg\" data-elementor-open-lightbox=\"yes\" data-elementor-lightbox-slideshow=\"all-5422d05a\" data-elementor-lightbox-title=\"Airbnb Domingos Martins - Casa da Adriana\" data-elementor-lightbox-description=\"Airbnb Domingos Martins - Casa da Adriana\"><br \/>\n\t\t\t\t\t\t\t\t\t\t\t\t\t\t<\/a><br \/>\n\t\t\t\t\t\t\t<a href=\"https:\/\/www.mochileiros.com\/blog\/wp-content\/uploads\/2021\/01\/bee8d705-2ea1-4edc-b6f9-525ba191a146.jpg\" data-elementor-open-lightbox=\"yes\" data-elementor-lightbox-slideshow=\"all-5422d05a\" data-elementor-lightbox-title=\"Airbnb Domingos Martins - Casa da Adriana\" data-elementor-lightbox-description=\"Airbnb Domingos Martins - Casa da Adriana\"><br \/>\n\t\t\t\t\t\t\t\t\t\t\t\t\t\t<\/a><br \/>\n\t\t\t\t\t\t\t<a href=\"https:\/\/www.mochileiros.com\/blog\/wp-content\/uploads\/2021\/01\/d5859db0-9aa1-4223-9744-725954508b50.jpg\" data-elementor-open-lightbox=\"yes\" data-elementor-lightbox-slideshow=\"all-5422d05a\" data-elementor-lightbox-title=\"Airbnb Domingos Martins - Casa da Adriana\" data-elementor-lightbox-description=\"Airbnb Domingos Martins - Casa da Adriana\"><br \/>\n\t\t\t\t\t\t\t\t\t\t\t\t\t\t<\/a><br \/>\n\t\t\t<a href=\"https:\/\/www.airbnb.com.br\/associates\/361506?s=67&#038;c=.pi115.pk0_9&#038;a4ptk=14855_0_9_361506&#038;af=115\" role=\"button\"><br \/>\n\t\t\t\t\t\tVer mais fotos e reservar<br \/>\n\t\t\t\t\t<\/a><\/p>\n<h2><span class=\"ez-toc-section\" id=\"Lazer_nas_montanhas\"><\/span>Lazer nas montanhas<span class=\"ez-toc-section-end\"><\/span><\/h2>\n<ul>\n<li>\n\t\t\t\t\t<a href=\"https:\/\/goo.gl\/maps\/KfzyYf7GqS2ucStZ7\" target=\"_blank\" rel=\"noopener\"><br \/>\n\t\t\t\t\t\t\t\t\t\tDomingos Martins<br \/>\n\t\t\t\t\t\t\t\t\t\t\t<\/a>\n\t\t\t\t\t\t\t\t\t<\/li>\n<\/ul>\n<p>\t\t\t<a href=\"https:\/\/www.airbnb.com.br\/associates\/361510?s=67&#038;c=.pi115.pk0_9&#038;a4ptk=14855_0_9_361510&#038;af=115\" target=\"_blank\" rel=\"noopener\">R$ 550 a di\u00e1ria para at\u00e9 6 pessoas<\/a>\t\t<\/p>\n<p>Apesar de estar nas montanhas essa casa tem uma piscina com bela vista, que garante momentos refrescantes tamb\u00e9m nos dias de Ver\u00e3o!<br \/>Tamb\u00e9m tem \u00e1rea com churrasqueira. O an\u00fancio informa que a propriedade acomoda at\u00e9 6 pessoas, mas h\u00e1 somente um quarto com mezanino e uma sala.<\/p>\n<p>\t\t\t\t\t\t\t\t\t\t<img decoding=\"async\" width=\"1440\" height=\"720\" src=\"https:\/\/www.mochileiros.com\/blog\/wp-content\/themes\/rehub-theme\/images\/default\/blank.gif\" data-src=\"https:\/\/www.mochileiros.com\/blog\/wp-content\/uploads\/2021\/01\/8bf7199c-5713-4de9-881b-24f52692c458.jpg\" alt=\"\" loading=\"lazy\" srcset=\"https:\/\/www.mochileiros.com\/blog\/wp-content\/uploads\/2021\/01\/8bf7199c-5713-4de9-881b-24f52692c458.jpg 1440w, https:\/\/www.mochileiros.com\/blog\/wp-content\/uploads\/2021\/01\/8bf7199c-5713-4de9-881b-24f52692c458-300x150.jpg 300w, https:\/\/www.mochileiros.com\/blog\/wp-content\/uploads\/2021\/01\/8bf7199c-5713-4de9-881b-24f52692c458-1024x512.jpg 1024w, https:\/\/www.mochileiros.com\/blog\/wp-content\/uploads\/2021\/01\/8bf7199c-5713-4de9-881b-24f52692c458-768x384.jpg 768w, https:\/\/www.mochileiros.com\/blog\/wp-content\/uploads\/2021\/01\/8bf7199c-5713-4de9-881b-24f52692c458-1536x768.jpg 1536w, https:\/\/www.mochileiros.com\/blog\/wp-content\/uploads\/2021\/01\/8bf7199c-5713-4de9-881b-24f52692c458-2048x1024.jpg 2048w, https:\/\/www.mochileiros.com\/blog\/wp-content\/uploads\/2021\/01\/8bf7199c-5713-4de9-881b-24f52692c458-100x50.jpg 100w, https:\/\/www.mochileiros.com\/blog\/wp-content\/uploads\/2021\/01\/8bf7199c-5713-4de9-881b-24f52692c458-700x350.jpg 700w, https:\/\/www.mochileiros.com\/blog\/wp-content\/uploads\/2021\/01\/8bf7199c-5713-4de9-881b-24f52692c458-788x394.jpg 788w\" sizes=\"auto, (max-width: 1440px) 100vw, 1440px\"><br \/>\n\t\t\t\t\t\t\t<a href=\"https:\/\/www.mochileiros.com\/blog\/wp-content\/uploads\/2021\/01\/398a055f-45eb-4b36-ac0e-f1f21f14c886-scaled.jpg\" data-elementor-open-lightbox=\"yes\" data-elementor-lightbox-slideshow=\"all-2296adc0\" data-elementor-lightbox-title=\"Airbnb Domingos Martins - Lazer nas montanhas\" data-elementor-lightbox-description=\"Airbnb Domingos Martins - Lazer nas montanhas \"><br \/>\n\t\t\t\t\t\t\t\t\t\t\t\t\t\t<\/a><br \/>\n\t\t\t\t\t\t\t<a href=\"https:\/\/www.mochileiros.com\/blog\/wp-content\/uploads\/2021\/01\/cd08a1b6-c4b9-42c0-870c-09219da1d879.jpg\" data-elementor-open-lightbox=\"yes\" data-elementor-lightbox-slideshow=\"all-2296adc0\" data-elementor-lightbox-title=\"Airbnb Domingos Martins - Lazer nas montanhas\" data-elementor-lightbox-description=\"Airbnb Domingos Martins - Lazer nas montanhas \"><br \/>\n\t\t\t\t\t\t\t\t\t\t\t\t\t\t<\/a><br \/>\n\t\t\t\t\t\t\t<a href=\"https:\/\/www.mochileiros.com\/blog\/wp-content\/uploads\/2021\/01\/ecd53a0f-259f-4b88-9da1-6314fc963ec5.jpg\" data-elementor-open-lightbox=\"yes\" data-elementor-lightbox-slideshow=\"all-2296adc0\" data-elementor-lightbox-title=\"Airbnb Domingos Martins - Lazer nas montanhas\" data-elementor-lightbox-description=\"Airbnb Domingos Martins - Lazer nas montanhas \"><br \/>\n\t\t\t\t\t\t\t\t\t\t\t\t\t\t<\/a><br \/>\n\t\t\t\t\t\t\t<a href=\"https:\/\/www.mochileiros.com\/blog\/wp-content\/uploads\/2021\/01\/fbd10de5-1867-4236-b15b-4595d1598cc1.jpg\" data-elementor-open-lightbox=\"yes\" data-elementor-lightbox-slideshow=\"all-2296adc0\" data-elementor-lightbox-title=\"Airbnb Domingos Martins - Lazer nas montanhas\"><br \/>\n\t\t\t\t\t\t\t\t\t\t\t\t\t\t<\/a><br \/>\n\t\t\t<a href=\"https:\/\/www.airbnb.com.br\/associates\/361510?s=67&#038;c=.pi115.pk0_9&#038;a4ptk=14855_0_9_361510&#038;af=115\" role=\"button\"><br \/>\n\t\t\t\t\t\tVer mais fotos e reservar<br \/>\n\t\t\t\t\t<\/a><\/p>\n<h2><span class=\"ez-toc-section\" id=\"Rustic_house_for_nature_lovers_by_the_Pedra_Azul\"><\/span>Rustic house for nature lovers by the Pedra Azul<span class=\"ez-toc-section-end\"><\/span><\/h2>\n<ul>\n<li>\n\t\t\t\t\t<a href=\"https:\/\/goo.gl\/maps\/TzuYg5NEnByTZGFt8\" target=\"_blank\" rel=\"noopener\"><br \/>\n\t\t\t\t\t\t\t\t\t\tArac\u00ea &#8211; Distrito de Domingos Martins<br \/>\n\t\t\t\t\t\t\t\t\t\t\t<\/a>\n\t\t\t\t\t\t\t\t\t<\/li>\n<\/ul>\n<p>\t\t\t<a href=\"https:\/\/www.airbnb.com.br\/associates\/361511?s=67&#038;c=.pi115.pk0_9&#038;a4ptk=14855_0_9_361511&#038;af=115\" target=\"_blank\" rel=\"noopener\">R$ 400 a di\u00e1ria para at\u00e9 6 pessoas<\/a>\t\t<\/p>\n<p>Esta casa fica em um condom\u00ednio fechado aos p\u00e9s da Pedra Azul.<br \/>Al\u00e9m da bela vista da Pedra Azul, em dias limpos da varanda dos fundos \u00e9 poss\u00edvel ver ao longe uma cadeia de montanhas que inclui a Reserva Florestal de Forno Grande e a Serra do Capara\u00f3.<br \/>Oferece lareira, churrasqueira e \u00e1rea de jogos.<\/p>\n<p>\t\t\t\t\t\t\t\t\t\t<img decoding=\"async\" width=\"1200\" height=\"900\" src=\"https:\/\/www.mochileiros.com\/blog\/wp-content\/themes\/rehub-theme\/images\/default\/blank.gif\" data-src=\"https:\/\/www.mochileiros.com\/blog\/wp-content\/uploads\/2021\/01\/1cf016dd-4c51-4ede-81b4-747a9d64282c.jpg\" alt=\"\" loading=\"lazy\" srcset=\"https:\/\/www.mochileiros.com\/blog\/wp-content\/uploads\/2021\/01\/1cf016dd-4c51-4ede-81b4-747a9d64282c.jpg 1200w, https:\/\/www.mochileiros.com\/blog\/wp-content\/uploads\/2021\/01\/1cf016dd-4c51-4ede-81b4-747a9d64282c-300x225.jpg 300w, https:\/\/www.mochileiros.com\/blog\/wp-content\/uploads\/2021\/01\/1cf016dd-4c51-4ede-81b4-747a9d64282c-1024x768.jpg 1024w, https:\/\/www.mochileiros.com\/blog\/wp-content\/uploads\/2021\/01\/1cf016dd-4c51-4ede-81b4-747a9d64282c-768x576.jpg 768w, https:\/\/www.mochileiros.com\/blog\/wp-content\/uploads\/2021\/01\/1cf016dd-4c51-4ede-81b4-747a9d64282c-1536x1152.jpg 1536w, https:\/\/www.mochileiros.com\/blog\/wp-content\/uploads\/2021\/01\/1cf016dd-4c51-4ede-81b4-747a9d64282c-2048x1536.jpg 2048w, https:\/\/www.mochileiros.com\/blog\/wp-content\/uploads\/2021\/01\/1cf016dd-4c51-4ede-81b4-747a9d64282c-200x150.jpg 200w, https:\/\/www.mochileiros.com\/blog\/wp-content\/uploads\/2021\/01\/1cf016dd-4c51-4ede-81b4-747a9d64282c-100x75.jpg 100w, https:\/\/www.mochileiros.com\/blog\/wp-content\/uploads\/2021\/01\/1cf016dd-4c51-4ede-81b4-747a9d64282c-467x350.jpg 467w, https:\/\/www.mochileiros.com\/blog\/wp-content\/uploads\/2021\/01\/1cf016dd-4c51-4ede-81b4-747a9d64282c-788x591.jpg 788w\" sizes=\"auto, (max-width: 1200px) 100vw, 1200px\"><br \/>\n\t\t\t\t\t\t\t<a href=\"https:\/\/www.mochileiros.com\/blog\/wp-content\/uploads\/2021\/01\/07a11233-5fe5-469c-9e46-cbbbd48fd4ce.jpg\" data-elementor-open-lightbox=\"yes\" data-elementor-lightbox-slideshow=\"all-519d1d71\" data-elementor-lightbox-title=\"Airbnb Domingos Martins - Rustic house for nature lovers by the Pedra Azul\" data-elementor-lightbox-description=\"Airbnb Domingos Martins - Rustic house for nature lovers by the Pedra Azul\"><br \/>\n\t\t\t\t\t\t\t\t\t\t\t\t\t\t<\/a><br \/>\n\t\t\t\t\t\t\t<a href=\"https:\/\/www.mochileiros.com\/blog\/wp-content\/uploads\/2021\/01\/8a7ebee8_original.jpg\" data-elementor-open-lightbox=\"yes\" data-elementor-lightbox-slideshow=\"all-519d1d71\" data-elementor-lightbox-title=\"Airbnb Domingos Martins - Rustic house for nature lovers by the Pedra Azul\" data-elementor-lightbox-description=\"Airbnb Domingos Martins - Rustic house for nature lovers by the Pedra Azul\"><br \/>\n\t\t\t\t\t\t\t\t\t\t\t\t\t\t<\/a><br \/>\n\t\t\t\t\t\t\t<a href=\"https:\/\/www.mochileiros.com\/blog\/wp-content\/uploads\/2021\/01\/9d4dd802-4f5d-47dc-b062-692da9d5cef0.jpg\" data-elementor-open-lightbox=\"yes\" data-elementor-lightbox-slideshow=\"all-519d1d71\" data-elementor-lightbox-title=\"Airbnb Domingos Martins - Rustic house for nature lovers by the Pedra Azul\" data-elementor-lightbox-description=\"Airbnb Domingos Martins - Rustic house for nature lovers by the Pedra Azul\"><br \/>\n\t\t\t\t\t\t\t\t\t\t\t\t\t\t<\/a><br \/>\n\t\t\t\t\t\t\t<a href=\"https:\/\/www.mochileiros.com\/blog\/wp-content\/uploads\/2021\/01\/ab54e5f2_original.jpg\" data-elementor-open-lightbox=\"yes\" data-elementor-lightbox-slideshow=\"all-519d1d71\" data-elementor-lightbox-title=\"Airbnb Domingos Martins - Rustic house for nature lovers by the Pedra Azul\"><br \/>\n\t\t\t\t\t\t\t\t\t\t\t\t\t\t<\/a><br \/>\n\t\t\t<a href=\"https:\/\/www.airbnb.com.br\/associates\/361511?s=67&#038;c=.pi115.pk0_9&#038;a4ptk=14855_0_9_361511&#038;af=115\" role=\"button\"><br \/>\n\t\t\t\t\t\tVer mais fotos e reservar<br \/>\n\t\t\t\t\t<\/a><\/p>\n<h2><span class=\"ez-toc-section\" id=\"Casa_c_piscina_4_suites_Vista_da_Pedra_Azul\"><\/span>Casa c piscina , 4 su\u00edtes , Vista da Pedra Azul !<span class=\"ez-toc-section-end\"><\/span><\/h2>\n<ul>\n<li>\n\t\t\t\t\t<a href=\"https:\/\/goo.gl\/maps\/KfzyYf7GqS2ucStZ7\" target=\"_blank\" rel=\"noopener\"><br \/>\n\t\t\t\t\t\t\t\t\t\tDomingos Martins<br \/>\n\t\t\t\t\t\t\t\t\t\t\t<\/a>\n\t\t\t\t\t\t\t\t\t<\/li>\n<\/ul>\n<p>\t\t\t<a href=\"https:\/\/www.airbnb.com.br\/associates\/361514?s=67&#038;c=.pi115.pk0_9&#038;a4ptk=14855_0_9_361514&#038;af=115\" target=\"_blank\" rel=\"noopener\">R$ 699 a di\u00e1ria para at\u00e9 8 pessoas<\/a>\t\t<\/p>\n<p>O destaque dessa casa seguramente \u00e9 a bela piscina que tem uma bela vista! \u00c9 um lugar para quem busca tranquilidade. N\u00e3o \u00e9 permitida realiza\u00e7\u00e3o de festas, nem visitantes e \u00e9 imprescind\u00edvel obedecer a Lei do Sil\u00eancio, alerta o anfitri\u00e3o no an\u00fancio. Leve roupas de cama e banho, pois elas n\u00e3o s\u00e3o oferecidas.<\/p>\n<p>\t\t\t\t\t\t\t\t\t\t<img decoding=\"async\" width=\"1200\" height=\"900\" src=\"https:\/\/www.mochileiros.com\/blog\/wp-content\/themes\/rehub-theme\/images\/default\/blank.gif\" data-src=\"https:\/\/www.mochileiros.com\/blog\/wp-content\/uploads\/2021\/01\/96216e55-3f11-41d1-9bc1-c4e792491b79.jpg\" alt=\"\" loading=\"lazy\" srcset=\"https:\/\/www.mochileiros.com\/blog\/wp-content\/uploads\/2021\/01\/96216e55-3f11-41d1-9bc1-c4e792491b79.jpg 1200w, https:\/\/www.mochileiros.com\/blog\/wp-content\/uploads\/2021\/01\/96216e55-3f11-41d1-9bc1-c4e792491b79-300x225.jpg 300w, https:\/\/www.mochileiros.com\/blog\/wp-content\/uploads\/2021\/01\/96216e55-3f11-41d1-9bc1-c4e792491b79-1024x768.jpg 1024w, https:\/\/www.mochileiros.com\/blog\/wp-content\/uploads\/2021\/01\/96216e55-3f11-41d1-9bc1-c4e792491b79-768x576.jpg 768w, https:\/\/www.mochileiros.com\/blog\/wp-content\/uploads\/2021\/01\/96216e55-3f11-41d1-9bc1-c4e792491b79-1536x1152.jpg 1536w, https:\/\/www.mochileiros.com\/blog\/wp-content\/uploads\/2021\/01\/96216e55-3f11-41d1-9bc1-c4e792491b79-2048x1536.jpg 2048w, https:\/\/www.mochileiros.com\/blog\/wp-content\/uploads\/2021\/01\/96216e55-3f11-41d1-9bc1-c4e792491b79-200x150.jpg 200w, https:\/\/www.mochileiros.com\/blog\/wp-content\/uploads\/2021\/01\/96216e55-3f11-41d1-9bc1-c4e792491b79-100x75.jpg 100w, https:\/\/www.mochileiros.com\/blog\/wp-content\/uploads\/2021\/01\/96216e55-3f11-41d1-9bc1-c4e792491b79-467x350.jpg 467w, https:\/\/www.mochileiros.com\/blog\/wp-content\/uploads\/2021\/01\/96216e55-3f11-41d1-9bc1-c4e792491b79-788x591.jpg 788w\" sizes=\"auto, (max-width: 1200px) 100vw, 1200px\"><br \/>\n\t\t\t\t\t\t\t<a href=\"https:\/\/www.mochileiros.com\/blog\/wp-content\/uploads\/2021\/01\/9ad88b5b-5788-4423-ab5a-4ec54a0b11b1.jpg\" data-elementor-open-lightbox=\"yes\" data-elementor-lightbox-slideshow=\"all-699f8340\" data-elementor-lightbox-title=\"Airbnb Domingos Martins - Casa c piscina , 4 su\u00edtes , Vista da Pedra Azul !\" data-elementor-lightbox-description=\"Airbnb Domingos Martins - Casa c piscina , 4 su\u00edtes , Vista da Pedra Azul !\"><br \/>\n\t\t\t\t\t\t\t\t\t\t\t\t\t\t<\/a><br \/>\n\t\t\t\t\t\t\t<a href=\"https:\/\/www.mochileiros.com\/blog\/wp-content\/uploads\/2021\/01\/246e40a0-7ffc-4cef-8c03-7ef143d076e8.jpg\" data-elementor-open-lightbox=\"yes\" data-elementor-lightbox-slideshow=\"all-699f8340\" data-elementor-lightbox-title=\"Airbnb Domingos Martins - Casa c piscina , 4 su\u00edtes , Vista da Pedra Azul !\" data-elementor-lightbox-description=\"Airbnb Domingos Martins - Casa c piscina , 4 su\u00edtes , Vista da Pedra Azul !\"><br \/>\n\t\t\t\t\t\t\t\t\t\t\t\t\t\t<\/a><br \/>\n\t\t\t\t\t\t\t<a href=\"https:\/\/www.mochileiros.com\/blog\/wp-content\/uploads\/2021\/01\/367847ad-d0a7-46c6-b7bb-19055241860a.jpg\" data-elementor-open-lightbox=\"yes\" data-elementor-lightbox-slideshow=\"all-699f8340\" data-elementor-lightbox-title=\"Airbnb Domingos Martins - Casa c piscina , 4 su\u00edtes , Vista da Pedra Azul !\" data-elementor-lightbox-description=\"Airbnb Domingos Martins - Casa c piscina , 4 su\u00edtes , Vista da Pedra Azul !\"><br \/>\n\t\t\t\t\t\t\t\t\t\t\t\t\t\t<\/a><br \/>\n\t\t\t\t\t\t\t<a href=\"https:\/\/www.mochileiros.com\/blog\/wp-content\/uploads\/2021\/01\/ab4722b0-2ca2-4d2e-b4ef-dfe1d18f47c8.jpg\" data-elementor-open-lightbox=\"yes\" data-elementor-lightbox-slideshow=\"all-699f8340\" data-elementor-lightbox-title=\"Airbnb Domingos Martins - Casa c piscina , 4 su\u00edtes , Vista da Pedra Azul !\" data-elementor-lightbox-description=\"Airbnb Domingos Martins - Casa c piscina , 4 su\u00edtes , Vista da Pedra Azul !\"><br \/>\n\t\t\t\t\t\t\t\t\t\t\t\t\t\t<\/a><br \/>\n\t\t\t<a href=\"https:\/\/www.airbnb.com.br\/associates\/361514?s=67&#038;c=.pi115.pk0_9&#038;a4ptk=14855_0_9_361514&#038;af=115\" role=\"button\"><br \/>\n\t\t\t\t\t\tVer mais fotos e reservar<br \/>\n\t\t\t\t\t<\/a><\/p>\n<h2><span class=\"ez-toc-section\" id=\"ChaleCasa_Montanhas_capixabas_Domingos_Martins_ES\"><\/span>Chal\u00e9\/Casa Montanhas capixabas Domingos Martins ES<span class=\"ez-toc-section-end\"><\/span><\/h2>\n<ul>\n<li>\n\t\t\t\t\t<a href=\"https:\/\/goo.gl\/maps\/KfzyYf7GqS2ucStZ7\" target=\"_blank\" rel=\"noopener\"><br \/>\n\t\t\t\t\t\t\t\t\t\tDomingos Martins<br \/>\n\t\t\t\t\t\t\t\t\t\t\t<\/a>\n\t\t\t\t\t\t\t\t\t<\/li>\n<\/ul>\n<p>\t\t\t<a href=\"https:\/\/www.airbnb.com.br\/associates\/361515?s=67&#038;c=.pi115.pk0_9&#038;a4ptk=14855_0_9_361515&#038;af=115\" target=\"_blank\" rel=\"noopener\">R$ 886 a di\u00e1ria para at\u00e9 6 pessoas<\/a>\t\t<\/p>\n<p>Esta casa fica em um condom\u00ednio fechado a 15 minutos do centro de Domingos Martins. Oferece churrasqueira e varanda, al\u00e9m de hidromassagem. A piscina que voc\u00ea ver\u00e1 nas fotos do an\u00fancio no Airbnb \u00e9 do condom\u00ednio, portanto n\u00e3o privativa e talvez n\u00e3o liberada por conta da pandemia.<br \/>O an\u00fancio diz que &#8220;os h\u00f3spedes poder\u00e3o acessar as trilhas para o rio sem restri\u00e7\u00e3o para lazer, entretanto n\u00e3o \u00e9 permitido pesca, ca\u00e7a ou fogueira nas \u00e1reas do condom\u00ednio, estradas, beira do rio e adjac\u00eancias&#8221; frisando &#8220;n\u00e3o jogue lixo na mata, sujeito a multa&#8221;.<\/p>\n<p>\t\t\t\t\t\t\t\t\t\t<img decoding=\"async\" width=\"1200\" height=\"900\" src=\"https:\/\/www.mochileiros.com\/blog\/wp-content\/themes\/rehub-theme\/images\/default\/blank.gif\" data-src=\"https:\/\/www.mochileiros.com\/blog\/wp-content\/uploads\/2021\/01\/2d18ae0b-ce5b-4c3e-a2b6-80421eb188a5.jpg\" alt=\"\" loading=\"lazy\" srcset=\"https:\/\/www.mochileiros.com\/blog\/wp-content\/uploads\/2021\/01\/2d18ae0b-ce5b-4c3e-a2b6-80421eb188a5.jpg 1200w, https:\/\/www.mochileiros.com\/blog\/wp-content\/uploads\/2021\/01\/2d18ae0b-ce5b-4c3e-a2b6-80421eb188a5-300x225.jpg 300w, https:\/\/www.mochileiros.com\/blog\/wp-content\/uploads\/2021\/01\/2d18ae0b-ce5b-4c3e-a2b6-80421eb188a5-1024x768.jpg 1024w, https:\/\/www.mochileiros.com\/blog\/wp-content\/uploads\/2021\/01\/2d18ae0b-ce5b-4c3e-a2b6-80421eb188a5-768x576.jpg 768w, https:\/\/www.mochileiros.com\/blog\/wp-content\/uploads\/2021\/01\/2d18ae0b-ce5b-4c3e-a2b6-80421eb188a5-1536x1152.jpg 1536w, https:\/\/www.mochileiros.com\/blog\/wp-content\/uploads\/2021\/01\/2d18ae0b-ce5b-4c3e-a2b6-80421eb188a5-2048x1536.jpg 2048w, https:\/\/www.mochileiros.com\/blog\/wp-content\/uploads\/2021\/01\/2d18ae0b-ce5b-4c3e-a2b6-80421eb188a5-200x150.jpg 200w, https:\/\/www.mochileiros.com\/blog\/wp-content\/uploads\/2021\/01\/2d18ae0b-ce5b-4c3e-a2b6-80421eb188a5-100x75.jpg 100w, https:\/\/www.mochileiros.com\/blog\/wp-content\/uploads\/2021\/01\/2d18ae0b-ce5b-4c3e-a2b6-80421eb188a5-467x350.jpg 467w, https:\/\/www.mochileiros.com\/blog\/wp-content\/uploads\/2021\/01\/2d18ae0b-ce5b-4c3e-a2b6-80421eb188a5-788x591.jpg 788w\" sizes=\"auto, (max-width: 1200px) 100vw, 1200px\"><br \/>\n\t\t\t\t\t\t\t<a href=\"https:\/\/www.mochileiros.com\/blog\/wp-content\/uploads\/2021\/01\/4ba0752b-8a97-4e14-ad54-a2ab74830794.jpg\" data-elementor-open-lightbox=\"yes\" data-elementor-lightbox-slideshow=\"all-25e5b48e\" data-elementor-lightbox-title=\"Airbnb Domingos Martins - Chal\u00e9\/Casa Montanhas capixabas Domingos Martins ES\" data-elementor-lightbox-description=\"Airbnb Domingos Martins - Chal\u00e9\/Casa Montanhas capixabas Domingos Martins ES\"><br \/>\n\t\t\t\t\t\t\t\t\t\t\t\t\t\t<\/a><br \/>\n\t\t\t\t\t\t\t<a href=\"https:\/\/www.mochileiros.com\/blog\/wp-content\/uploads\/2021\/01\/30151cdd-75ec-4616-8d5b-7a01485b6fd3.jpg\" data-elementor-open-lightbox=\"yes\" data-elementor-lightbox-slideshow=\"all-25e5b48e\" data-elementor-lightbox-title=\"Airbnb Domingos Martins - Chal\u00e9\/Casa Montanhas capixabas Domingos Martins ES\" data-elementor-lightbox-description=\"Airbnb Domingos Martins - Chal\u00e9\/Casa Montanhas capixabas Domingos Martins ES\"><br \/>\n\t\t\t\t\t\t\t\t\t\t\t\t\t\t<\/a><br \/>\n\t\t\t\t\t\t\t<a href=\"https:\/\/www.mochileiros.com\/blog\/wp-content\/uploads\/2021\/01\/99185ebb-2d50-4d42-b681-77ae01b3e8bb.jpg\" data-elementor-open-lightbox=\"yes\" data-elementor-lightbox-slideshow=\"all-25e5b48e\" data-elementor-lightbox-title=\"Airbnb Domingos Martins - Chal\u00e9\/Casa Montanhas capixabas Domingos Martins ES\" data-elementor-lightbox-description=\"Airbnb Domingos Martins - Chal\u00e9\/Casa Montanhas capixabas Domingos Martins ES\"><br \/>\n\t\t\t\t\t\t\t\t\t\t\t\t\t\t<\/a><br \/>\n\t\t\t\t\t\t\t<a href=\"https:\/\/www.mochileiros.com\/blog\/wp-content\/uploads\/2021\/01\/e90283ec-b792-47d9-9a37-ea4ab0a88c28.jpg\" data-elementor-open-lightbox=\"yes\" data-elementor-lightbox-slideshow=\"all-25e5b48e\" data-elementor-lightbox-title=\"Airbnb Domingos Martins - Chal\u00e9\/Casa Montanhas capixabas Domingos Martins ES\" data-elementor-lightbox-description=\"Airbnb Domingos Martins - Chal\u00e9\/Casa Montanhas capixabas Domingos Martins ES\"><br \/>\n\t\t\t\t\t\t\t\t\t\t\t\t\t\t<\/a><br \/>\n\t\t\t<a href=\"https:\/\/www.airbnb.com.br\/associates\/361515?s=67&#038;c=.pi115.pk0_9&#038;a4ptk=14855_0_9_361515&#038;af=115\" role=\"button\"><br \/>\n\t\t\t\t\t\tVer mais fotos e reservar<br \/>\n\t\t\t\t\t<\/a><\/p>\n<h2><span class=\"ez-toc-section\" id=\"Chale_Recanto_Verde_%E2%80%93_Pedra_Azul\"><\/span>Chal\u00e9 Recanto Verde &#8211; Pedra Azul<span class=\"ez-toc-section-end\"><\/span><\/h2>\n<ul>\n<li>\n\t\t\t\t\t<a href=\"https:\/\/goo.gl\/maps\/KfzyYf7GqS2ucStZ7\" target=\"_blank\" rel=\"noopener\"><br \/>\n\t\t\t\t\t\t\t\t\t\tDomingos Martins<br \/>\n\t\t\t\t\t\t\t\t\t\t\t<\/a>\n\t\t\t\t\t\t\t\t\t<\/li>\n<\/ul>\n<p>\t\t\t<a href=\"https:\/\/www.airbnb.com.br\/associates\/361516?s=67&#038;c=.pi115.pk0_9&#038;a4ptk=14855_0_9_361516&#038;af=115\" target=\"_blank\" rel=\"noopener\">R$ 800 a di\u00e1ria para at\u00e9 6 pessoas<\/a>\t\t<\/p>\n<p>Este chal\u00e9 tem um deck com hidrojacuzzi, mesas, cadeiras, churrasqueira com utens\u00edlios, freezer, fog\u00e3o\/forno \u00e0 lenha (n\u00e3o fornecida) e banheiro. Al\u00e9m de 3 su\u00edtes e sala com TV, Wi-fi e lareira (lenha n\u00e3o fornecida), al\u00e9m de sala de jantar e cozinha equipada com fog\u00e3o (convencional), geladeira e utens\u00edlios.<\/p>\n<p>\t\t\t\t\t\t\t\t\t\t<img decoding=\"async\" width=\"1440\" height=\"720\" src=\"https:\/\/www.mochileiros.com\/blog\/wp-content\/themes\/rehub-theme\/images\/default\/blank.gif\" data-src=\"https:\/\/www.mochileiros.com\/blog\/wp-content\/uploads\/2021\/01\/71cc0d39-94bd-43f8-836e-902e3af47225.jpg\" alt=\"\" loading=\"lazy\" srcset=\"https:\/\/www.mochileiros.com\/blog\/wp-content\/uploads\/2021\/01\/71cc0d39-94bd-43f8-836e-902e3af47225.jpg 1440w, https:\/\/www.mochileiros.com\/blog\/wp-content\/uploads\/2021\/01\/71cc0d39-94bd-43f8-836e-902e3af47225-300x150.jpg 300w, https:\/\/www.mochileiros.com\/blog\/wp-content\/uploads\/2021\/01\/71cc0d39-94bd-43f8-836e-902e3af47225-1024x512.jpg 1024w, https:\/\/www.mochileiros.com\/blog\/wp-content\/uploads\/2021\/01\/71cc0d39-94bd-43f8-836e-902e3af47225-768x384.jpg 768w, https:\/\/www.mochileiros.com\/blog\/wp-content\/uploads\/2021\/01\/71cc0d39-94bd-43f8-836e-902e3af47225-1536x768.jpg 1536w, https:\/\/www.mochileiros.com\/blog\/wp-content\/uploads\/2021\/01\/71cc0d39-94bd-43f8-836e-902e3af47225-2048x1024.jpg 2048w, https:\/\/www.mochileiros.com\/blog\/wp-content\/uploads\/2021\/01\/71cc0d39-94bd-43f8-836e-902e3af47225-100x50.jpg 100w, https:\/\/www.mochileiros.com\/blog\/wp-content\/uploads\/2021\/01\/71cc0d39-94bd-43f8-836e-902e3af47225-700x350.jpg 700w, https:\/\/www.mochileiros.com\/blog\/wp-content\/uploads\/2021\/01\/71cc0d39-94bd-43f8-836e-902e3af47225-788x394.jpg 788w\" sizes=\"auto, (max-width: 1440px) 100vw, 1440px\"><br \/>\n\t\t\t\t\t\t\t<a href=\"https:\/\/www.mochileiros.com\/blog\/wp-content\/uploads\/2021\/01\/9d841f00-c5c4-4c6c-8cde-ea87fe0fc226.jpg\" data-elementor-open-lightbox=\"yes\" data-elementor-lightbox-slideshow=\"all-412c6922\" data-elementor-lightbox-title=\"Airbnb Domingos Martins - Chal\u00e9 Recanto Verde - Pedra Azul\" data-elementor-lightbox-description=\"Airbnb Domingos Martins - Chal\u00e9 Recanto Verde - Pedra Azul\"><br \/>\n\t\t\t\t\t\t\t\t\t\t\t\t\t\t<\/a><br \/>\n\t\t\t\t\t\t\t<a href=\"https:\/\/www.mochileiros.com\/blog\/wp-content\/uploads\/2021\/01\/49c4c50e-5598-45a1-8037-3816da075e40.jpg\" data-elementor-open-lightbox=\"yes\" data-elementor-lightbox-slideshow=\"all-412c6922\" data-elementor-lightbox-title=\"Airbnb Domingos Martins - Chal\u00e9 Recanto Verde - Pedra Azul\" data-elementor-lightbox-description=\"Airbnb Domingos Martins - Chal\u00e9 Recanto Verde - Pedra Azul\"><br \/>\n\t\t\t\t\t\t\t\t\t\t\t\t\t\t<\/a><br \/>\n\t\t\t\t\t\t\t<a href=\"https:\/\/www.mochileiros.com\/blog\/wp-content\/uploads\/2021\/01\/63bf95d1-d2ce-4833-83b0-1f3e29b36864.jpg\" data-elementor-open-lightbox=\"yes\" data-elementor-lightbox-slideshow=\"all-412c6922\" data-elementor-lightbox-title=\"Airbnb Domingos Martins - Chal\u00e9 Recanto Verde - Pedra Azul\" data-elementor-lightbox-description=\"Airbnb Domingos Martins - Chal\u00e9 Recanto Verde - Pedra Azul\"><br \/>\n\t\t\t\t\t\t\t\t\t\t\t\t\t\t<\/a><br \/>\n\t\t\t\t\t\t\t<a href=\"https:\/\/www.mochileiros.com\/blog\/wp-content\/uploads\/2021\/01\/afc9c28d-4d8b-4213-89fe-ecf327bd374d.jpg\" data-elementor-open-lightbox=\"yes\" data-elementor-lightbox-slideshow=\"all-412c6922\" data-elementor-lightbox-title=\"Airbnb Domingos Martins - Chal\u00e9 Recanto Verde - Pedra Azul\"><br \/>\n\t\t\t\t\t\t\t\t\t\t\t\t\t\t<\/a><br \/>\n\t\t\t<a href=\"https:\/\/www.airbnb.com.br\/associates\/361516?s=67&#038;c=.pi115.pk0_9&#038;a4ptk=14855_0_9_361516&#038;af=115\" role=\"button\"><br \/>\n\t\t\t\t\t\tVer mais fotos e reservar<br \/>\n\t\t\t\t\t<\/a><\/p>\n<h2><span class=\"ez-toc-section\" id=\"Recanto_da_Colina_%E2%80%93_Pedra_Azul\"><\/span>Recanto da Colina &#8211; Pedra Azul<span class=\"ez-toc-section-end\"><\/span><\/h2>\n<ul>\n<li>\n\t\t\t\t\t<a href=\"https:\/\/goo.gl\/maps\/TzuYg5NEnByTZGFt8\" target=\"_blank\" rel=\"noopener\"><br \/>\n\t\t\t\t\t\t\t\t\t\tArac\u00ea &#8211; Distrito de Domingos Martins<br \/>\n\t\t\t\t\t\t\t\t\t\t\t<\/a>\n\t\t\t\t\t\t\t\t\t<\/li>\n<\/ul>\n<p>\t\t\t<a href=\"https:\/\/www.airbnb.com.br\/associates\/361517?s=67&#038;c=.pi115.pk0_9&#038;a4ptk=14855_0_9_361517&#038;af=115\" target=\"_blank\" rel=\"noopener\">R$ 1.800 a di\u00e1ria para at\u00e9 16 pessoas<\/a>\t\t<\/p>\n<p>Bela vista da Pedra Azul e do Vale, esta casa fica a 2,5km da Rota do Lagarto. Conta com piscina com cascata, mesa de bilhar, bar, freezers, pebolim, mesa com 10 lugares, fog\u00e3o industrial, churrasqueira, forno e fog\u00e3o a lenha e campo de futebol.<br \/>\u00c9 &#8220;proibido som alto ap\u00f3s \u00e0s 18h, principalmente na \u00e1rea externa externa da casa. Pois \u00e9 um parque Estadual e o som se propaga no vale, pass\u00edvel de multa.&#8221;, ressalta o an\u00fancio no Airbnb junto a demais regras.<\/p>\n<p>\t\t\t\t\t\t\t\t\t\t<img decoding=\"async\" width=\"1440\" height=\"1080\" src=\"https:\/\/www.mochileiros.com\/blog\/wp-content\/themes\/rehub-theme\/images\/default\/blank.gif\" data-src=\"https:\/\/www.mochileiros.com\/blog\/wp-content\/uploads\/2021\/01\/09f35c85-4064-4291-89e3-05349327d479.jpg\" alt=\"\" loading=\"lazy\" srcset=\"https:\/\/www.mochileiros.com\/blog\/wp-content\/uploads\/2021\/01\/09f35c85-4064-4291-89e3-05349327d479.jpg 1440w, https:\/\/www.mochileiros.com\/blog\/wp-content\/uploads\/2021\/01\/09f35c85-4064-4291-89e3-05349327d479-300x225.jpg 300w, https:\/\/www.mochileiros.com\/blog\/wp-content\/uploads\/2021\/01\/09f35c85-4064-4291-89e3-05349327d479-1024x768.jpg 1024w, https:\/\/www.mochileiros.com\/blog\/wp-content\/uploads\/2021\/01\/09f35c85-4064-4291-89e3-05349327d479-768x576.jpg 768w, https:\/\/www.mochileiros.com\/blog\/wp-content\/uploads\/2021\/01\/09f35c85-4064-4291-89e3-05349327d479-1536x1152.jpg 1536w, https:\/\/www.mochileiros.com\/blog\/wp-content\/uploads\/2021\/01\/09f35c85-4064-4291-89e3-05349327d479-2048x1536.jpg 2048w, https:\/\/www.mochileiros.com\/blog\/wp-content\/uploads\/2021\/01\/09f35c85-4064-4291-89e3-05349327d479-200x150.jpg 200w, https:\/\/www.mochileiros.com\/blog\/wp-content\/uploads\/2021\/01\/09f35c85-4064-4291-89e3-05349327d479-100x75.jpg 100w, https:\/\/www.mochileiros.com\/blog\/wp-content\/uploads\/2021\/01\/09f35c85-4064-4291-89e3-05349327d479-467x350.jpg 467w, https:\/\/www.mochileiros.com\/blog\/wp-content\/uploads\/2021\/01\/09f35c85-4064-4291-89e3-05349327d479-788x591.jpg 788w\" sizes=\"auto, (max-width: 1440px) 100vw, 1440px\"><br \/>\n\t\t\t\t\t\t\t<a href=\"https:\/\/www.mochileiros.com\/blog\/wp-content\/uploads\/2021\/01\/3d103f8c-ae7a-4de0-93f6-e7c9a4cd2eaa.jpg\" data-elementor-open-lightbox=\"yes\" data-elementor-lightbox-slideshow=\"all-39a0fed7\" data-elementor-lightbox-title=\"Airbnb Domingos Martins - Recanto da Colina - Pedra Azul\" data-elementor-lightbox-description=\"Airbnb Domingos Martins - Recanto da Colina - Pedra Azul\"><br \/>\n\t\t\t\t\t\t\t\t\t\t\t\t\t\t<\/a><br \/>\n\t\t\t\t\t\t\t<a href=\"https:\/\/www.mochileiros.com\/blog\/wp-content\/uploads\/2021\/01\/6e5681bb-12ff-4d3c-a97a-bde8c36c79af.jpg\" data-elementor-open-lightbox=\"yes\" data-elementor-lightbox-slideshow=\"all-39a0fed7\" data-elementor-lightbox-title=\"Airbnb Domingos Martins - Recanto da Colina - Pedra Azul\" data-elementor-lightbox-description=\"Airbnb Domingos Martins - Recanto da Colina - Pedra Azul\"><br \/>\n\t\t\t\t\t\t\t\t\t\t\t\t\t\t<\/a><br \/>\n\t\t\t\t\t\t\t<a href=\"https:\/\/www.mochileiros.com\/blog\/wp-content\/uploads\/2021\/01\/35a185a5-e74f-4a9e-8634-da931482accc.jpg\" data-elementor-open-lightbox=\"yes\" data-elementor-lightbox-slideshow=\"all-39a0fed7\" data-elementor-lightbox-title=\"Airbnb Domingos Martins - Recanto da Colina - Pedra Azul\" data-elementor-lightbox-description=\"Airbnb Domingos Martins - Recanto da Colina - Pedra Azul\"><br \/>\n\t\t\t\t\t\t\t\t\t\t\t\t\t\t<\/a><br \/>\n\t\t\t\t\t\t\t<a href=\"https:\/\/www.mochileiros.com\/blog\/wp-content\/uploads\/2021\/01\/9743f757-3530-4cf5-a0bf-218921149368.jpg\" data-elementor-open-lightbox=\"yes\" data-elementor-lightbox-slideshow=\"all-39a0fed7\" data-elementor-lightbox-title=\"Airbnb Domingos Martins - Recanto da Colina - Pedra Azul\"><br \/>\n\t\t\t\t\t\t\t\t\t\t\t\t\t\t<\/a><br \/>\n\t\t\t<a href=\"https:\/\/www.airbnb.com.br\/associates\/361517?s=67&#038;c=.pi115.pk0_9&#038;a4ptk=14855_0_9_361517&#038;af=115\" role=\"button\"><br \/>\n\t\t\t\t\t\tVer mais fotos e reservar<br \/>\n\t\t\t\t\t<\/a><\/p>\n<h2><span class=\"ez-toc-section\" id=\"Chale_Flor_das_Pedras\"><\/span>Chal\u00e9 Flor das Pedras<span class=\"ez-toc-section-end\"><\/span><\/h2>\n<ul>\n<li>\n\t\t\t\t\t<a href=\"https:\/\/goo.gl\/maps\/KfzyYf7GqS2ucStZ7\" target=\"_blank\" rel=\"noopener\"><br \/>\n\t\t\t\t\t\t\t\t\t\tDomingos Martins<br \/>\n\t\t\t\t\t\t\t\t\t\t\t<\/a>\n\t\t\t\t\t\t\t\t\t<\/li>\n<\/ul>\n<p>\t\t\t<a href=\"https:\/\/www.airbnb.com.br\/associates\/361518?s=67&#038;c=.pi115.pk0_9&#038;a4ptk=14855_0_9_361518&#038;af=115\" target=\"_blank\" rel=\"noopener\">R$ 300 a di\u00e1ria para at\u00e9 4 pessoas<\/a>\t\t<\/p>\n<p>Dentro de um s\u00edtio onde tamb\u00e9m funciona um restaurante, esse chal\u00e9 simples e r\u00fastico se integra totalmente \u00e0 natureza, oferecendo inclusive vista para o cart\u00e3o postal da cidade, a Pedra Azul.<br \/>A cozinha \u00e9 equipada com o b\u00e1sico (n\u00e3o h\u00e1 geladeira, mas um frigobar).<\/p>\n<p>\t\t\t\t\t\t\t\t\t\t<img decoding=\"async\" width=\"1200\" height=\"1600\" src=\"https:\/\/www.mochileiros.com\/blog\/wp-content\/themes\/rehub-theme\/images\/default\/blank.gif\" data-src=\"https:\/\/www.mochileiros.com\/blog\/wp-content\/uploads\/2021\/01\/2fa4c5bc-2f48-46c0-85cc-ea9d5e5271b7.jpg\" alt=\"\" loading=\"lazy\" srcset=\"https:\/\/www.mochileiros.com\/blog\/wp-content\/uploads\/2021\/01\/2fa4c5bc-2f48-46c0-85cc-ea9d5e5271b7.jpg 1200w, https:\/\/www.mochileiros.com\/blog\/wp-content\/uploads\/2021\/01\/2fa4c5bc-2f48-46c0-85cc-ea9d5e5271b7-225x300.jpg 225w, https:\/\/www.mochileiros.com\/blog\/wp-content\/uploads\/2021\/01\/2fa4c5bc-2f48-46c0-85cc-ea9d5e5271b7-768x1024.jpg 768w, https:\/\/www.mochileiros.com\/blog\/wp-content\/uploads\/2021\/01\/2fa4c5bc-2f48-46c0-85cc-ea9d5e5271b7-1152x1536.jpg 1152w, https:\/\/www.mochileiros.com\/blog\/wp-content\/uploads\/2021\/01\/2fa4c5bc-2f48-46c0-85cc-ea9d5e5271b7-1536x2048.jpg 1536w, https:\/\/www.mochileiros.com\/blog\/wp-content\/uploads\/2021\/01\/2fa4c5bc-2f48-46c0-85cc-ea9d5e5271b7-113x150.jpg 113w, https:\/\/www.mochileiros.com\/blog\/wp-content\/uploads\/2021\/01\/2fa4c5bc-2f48-46c0-85cc-ea9d5e5271b7-100x133.jpg 100w, https:\/\/www.mochileiros.com\/blog\/wp-content\/uploads\/2021\/01\/2fa4c5bc-2f48-46c0-85cc-ea9d5e5271b7-263x350.jpg 263w, https:\/\/www.mochileiros.com\/blog\/wp-content\/uploads\/2021\/01\/2fa4c5bc-2f48-46c0-85cc-ea9d5e5271b7-788x1050.jpg 788w\" sizes=\"auto, (max-width: 1200px) 100vw, 1200px\"><br \/>\n\t\t\t\t\t\t\t<a href=\"https:\/\/www.mochileiros.com\/blog\/wp-content\/uploads\/2021\/01\/2a2c15f6-eece-456d-8cc4-64d6b93b87d1.jpg\" data-elementor-open-lightbox=\"yes\" data-elementor-lightbox-slideshow=\"all-67f7e8cf\" data-elementor-lightbox-title=\"Airbnb Domingos Martins - Chal\u00e9 Flor das Pedras\"><br \/>\n\t\t\t\t\t\t\t\t\t\t\t\t\t\t<\/a><br \/>\n\t\t\t\t\t\t\t<a href=\"https:\/\/www.mochileiros.com\/blog\/wp-content\/uploads\/2021\/01\/41a4e5f3-e613-46ce-a9a5-9b22394fcbb9.jpg\" data-elementor-open-lightbox=\"yes\" data-elementor-lightbox-slideshow=\"all-67f7e8cf\" data-elementor-lightbox-title=\"Airbnb Domingos Martins - Chal\u00e9 Flor das Pedras\" data-elementor-lightbox-description=\"Airbnb Domingos Martins - Chal\u00e9 Flor das Pedras\"><br \/>\n\t\t\t\t\t\t\t\t\t\t\t\t\t\t<\/a><br \/>\n\t\t\t\t\t\t\t<a href=\"https:\/\/www.mochileiros.com\/blog\/wp-content\/uploads\/2021\/01\/a5b5ee48-57da-43bf-b4d8-a9939fe27d59.jpg\" data-elementor-open-lightbox=\"yes\" data-elementor-lightbox-slideshow=\"all-67f7e8cf\" data-elementor-lightbox-title=\"Airbnb Domingos Martins - Chal\u00e9 Flor das Pedras\" data-elementor-lightbox-description=\"Airbnb Domingos Martins - Chal\u00e9 Flor das Pedras\"><br \/>\n\t\t\t\t\t\t\t\t\t\t\t\t\t\t<\/a><br \/>\n\t\t\t\t\t\t\t<a href=\"https:\/\/www.mochileiros.com\/blog\/wp-content\/uploads\/2021\/01\/b7b8b154-42f0-4a54-ab6f-e63d73c93b31.jpg\" data-elementor-open-lightbox=\"yes\" data-elementor-lightbox-slideshow=\"all-67f7e8cf\" data-elementor-lightbox-title=\"Airbnb Domingos Martins - Chal\u00e9 Flor das Pedras\"><br \/>\n\t\t\t\t\t\t\t\t\t\t\t\t\t\t<\/a><br \/>\n\t\t\t<a href=\"https:\/\/www.airbnb.com.br\/associates\/361518?s=67&#038;c=.pi115.pk0_9&#038;a4ptk=14855_0_9_361518&#038;af=115\" role=\"button\"><br \/>\n\t\t\t\t\t\tVer mais fotos e reservar<br \/>\n\t\t\t\t\t<\/a><\/p>\n<h2><span class=\"ez-toc-section\" id=\"Sitio_bela_vista_lugar_encantador\"><\/span>S\u00edtio bela vista, lugar encantador !!!<span class=\"ez-toc-section-end\"><\/span><\/h2>\n<ul>\n<li>\n\t\t\t\t\t<a href=\"https:\/\/goo.gl\/maps\/Y23ojNXgFJVvxXne6\" target=\"_blank\" rel=\"noopener\"><br \/>\n\t\t\t\t\t\t\t\t\t\tSanta Isabel &#8211; Distrito de Domingos Martins<br \/>\n\t\t\t\t\t\t\t\t\t\t\t<\/a>\n\t\t\t\t\t\t\t\t\t<\/li>\n<\/ul>\n<p>\t\t\t<a href=\"https:\/\/www.airbnb.com.br\/associates\/361521?s=67&#038;c=.pi115.pk0_9&#038;a4ptk=14855_0_9_361521&#038;af=115\" target=\"_blank\" rel=\"noopener\">R$ 1.100 a di\u00e1ria para at\u00e9 16 pessoas <\/a>\t\t<\/p>\n<p>Com uma bela vista para o vale, esta casa oferece piscina, playground e \u00e1rea de churrasqueira e aceita animais de estima\u00e7\u00e3o.<br \/>Em \u00e9pocas de feriado s\u00f3 aluga pacotes (de mais dias, n\u00e3o di\u00e1rias &#8211; consulte o anfitri\u00e3o previamente).<\/p>\n<p>\t\t\t\t\t\t\t\t\t\t<img decoding=\"async\" width=\"1200\" height=\"800\" src=\"https:\/\/www.mochileiros.com\/blog\/wp-content\/themes\/rehub-theme\/images\/default\/blank.gif\" data-src=\"https:\/\/www.mochileiros.com\/blog\/wp-content\/uploads\/2021\/01\/7de7c78d-667a-4593-9b46-31e5a602864c.jpg\" alt=\"\" loading=\"lazy\" srcset=\"https:\/\/www.mochileiros.com\/blog\/wp-content\/uploads\/2021\/01\/7de7c78d-667a-4593-9b46-31e5a602864c.jpg 1200w, https:\/\/www.mochileiros.com\/blog\/wp-content\/uploads\/2021\/01\/7de7c78d-667a-4593-9b46-31e5a602864c-300x200.jpg 300w, https:\/\/www.mochileiros.com\/blog\/wp-content\/uploads\/2021\/01\/7de7c78d-667a-4593-9b46-31e5a602864c-1024x683.jpg 1024w, https:\/\/www.mochileiros.com\/blog\/wp-content\/uploads\/2021\/01\/7de7c78d-667a-4593-9b46-31e5a602864c-768x512.jpg 768w, https:\/\/www.mochileiros.com\/blog\/wp-content\/uploads\/2021\/01\/7de7c78d-667a-4593-9b46-31e5a602864c-1536x1024.jpg 1536w, https:\/\/www.mochileiros.com\/blog\/wp-content\/uploads\/2021\/01\/7de7c78d-667a-4593-9b46-31e5a602864c-2048x1365.jpg 2048w, https:\/\/www.mochileiros.com\/blog\/wp-content\/uploads\/2021\/01\/7de7c78d-667a-4593-9b46-31e5a602864c-225x150.jpg 225w, https:\/\/www.mochileiros.com\/blog\/wp-content\/uploads\/2021\/01\/7de7c78d-667a-4593-9b46-31e5a602864c-100x67.jpg 100w, https:\/\/www.mochileiros.com\/blog\/wp-content\/uploads\/2021\/01\/7de7c78d-667a-4593-9b46-31e5a602864c-525x350.jpg 525w, https:\/\/www.mochileiros.com\/blog\/wp-content\/uploads\/2021\/01\/7de7c78d-667a-4593-9b46-31e5a602864c-788x525.jpg 788w\" sizes=\"auto, (max-width: 1200px) 100vw, 1200px\"><br \/>\n\t\t\t\t\t\t\t<a href=\"https:\/\/www.mochileiros.com\/blog\/wp-content\/uploads\/2021\/01\/00fbfdba-40f9-4ee6-8b06-eee8c0747e84.jpg\" data-elementor-open-lightbox=\"yes\" data-elementor-lightbox-slideshow=\"all-10fba4d1\" data-elementor-lightbox-title=\"Airbnb Domingos Martins - S\u00edtio Bela Vista\" data-elementor-lightbox-description=\"Airbnb Domingos Martins - S\u00edtio Bela Vista\"><br \/>\n\t\t\t\t\t\t\t\t\t\t\t\t\t\t<\/a><br \/>\n\t\t\t\t\t\t\t<a href=\"https:\/\/www.mochileiros.com\/blog\/wp-content\/uploads\/2021\/01\/1a925741-df61-4f43-87d1-81de809b3c33.jpg\" data-elementor-open-lightbox=\"yes\" data-elementor-lightbox-slideshow=\"all-10fba4d1\" data-elementor-lightbox-title=\"Airbnb Domingos Martins - S\u00edtio Bela Vista\" data-elementor-lightbox-description=\"Airbnb Domingos Martins - S\u00edtio Bela Vista\"><br \/>\n\t\t\t\t\t\t\t\t\t\t\t\t\t\t<\/a><br \/>\n\t\t\t\t\t\t\t<a href=\"https:\/\/www.mochileiros.com\/blog\/wp-content\/uploads\/2021\/01\/76eb8472-16b2-4c9c-8e4b-4ecf081941a8.jpg\" data-elementor-open-lightbox=\"yes\" data-elementor-lightbox-slideshow=\"all-10fba4d1\" data-elementor-lightbox-title=\"Airbnb Domingos Martins - S\u00edtio Bela Vista\" data-elementor-lightbox-description=\"Airbnb Domingos Martins - S\u00edtio Bela Vista\"><br \/>\n\t\t\t\t\t\t\t\t\t\t\t\t\t\t<\/a><br \/>\n\t\t\t\t\t\t\t<a href=\"https:\/\/www.mochileiros.com\/blog\/wp-content\/uploads\/2021\/01\/40118578-d1bd-4f54-a7db-e4b607ffe829.jpg\" data-elementor-open-lightbox=\"yes\" data-elementor-lightbox-slideshow=\"all-10fba4d1\" data-elementor-lightbox-title=\"Airbnb Domingos Martins - S\u00edtio Bela Vista\" data-elementor-lightbox-description=\"Airbnb Domingos Martins - S\u00edtio Bela Vista\"><br \/>\n\t\t\t\t\t\t\t\t\t\t\t\t\t\t<\/a><br \/>\n\t\t\t<a href=\"https:\/\/www.airbnb.com.br\/associates\/361521?s=67&#038;c=.pi115.pk0_9&#038;a4ptk=14855_0_9_361521&#038;af=115\" role=\"button\"><br \/>\n\t\t\t\t\t\tVer mais fotos e reservar<br \/>\n\t\t\t\t\t<\/a><\/p>\n<h2><span class=\"ez-toc-section\" id=\"Aconchegante_Chale_em_Pedra_Azul_ES\"><\/span>Aconchegante Chal\u00e9 em Pedra Azul, ES<span class=\"ez-toc-section-end\"><\/span><\/h2>\n<ul>\n<li>\n\t\t\t\t\t<a href=\"https:\/\/goo.gl\/maps\/KfzyYf7GqS2ucStZ7\" target=\"_blank\" rel=\"noopener\"><br \/>\n\t\t\t\t\t\t\t\t\t\tDomingos Martins<br \/>\n\t\t\t\t\t\t\t\t\t\t\t<\/a>\n\t\t\t\t\t\t\t\t\t<\/li>\n<\/ul>\n<p>\t\t\t<a href=\"https:\/\/www.airbnb.com.br\/associates\/361524?s=67&#038;c=.pi115.pk0_9&#038;a4ptk=14855_0_9_361524&#038;af=115\" target=\"_blank\" rel=\"noopener\">R$ 590 a di\u00e1ria para at\u00e9 4 pessoas<\/a>\t\t<\/p>\n<p>Esta op\u00e7\u00e3o fica em um s\u00edtio na zona rural, a 900m da BR-262. O chal\u00e9 oferece cozinha equipada, mas a \u00e1rea de churrasco por exemplo \u00e9 disponibilizada mediante pagamento extra (se tem interesse, converse sobre o uso e pre\u00e7o com o anfitri\u00e3o antes de reservar).<br \/>Muitos p\u00e1ssaros e a bela vista do por do sol merecem destaque.<em> (As fotos desta propriedade foram creditadas a Vicitcontent.com)<\/em><\/p>\n<p>\t\t\t\t\t\t\t\t\t\t<img decoding=\"async\" width=\"1200\" height=\"800\" src=\"https:\/\/www.mochileiros.com\/blog\/wp-content\/themes\/rehub-theme\/images\/default\/blank.gif\" data-src=\"https:\/\/www.mochileiros.com\/blog\/wp-content\/uploads\/2021\/01\/4b9a2e8d-bce8-4760-a12f-04566257fd5e.jpg\" alt=\"\" loading=\"lazy\" srcset=\"https:\/\/www.mochileiros.com\/blog\/wp-content\/uploads\/2021\/01\/4b9a2e8d-bce8-4760-a12f-04566257fd5e.jpg 1200w, https:\/\/www.mochileiros.com\/blog\/wp-content\/uploads\/2021\/01\/4b9a2e8d-bce8-4760-a12f-04566257fd5e-300x200.jpg 300w, https:\/\/www.mochileiros.com\/blog\/wp-content\/uploads\/2021\/01\/4b9a2e8d-bce8-4760-a12f-04566257fd5e-1024x683.jpg 1024w, https:\/\/www.mochileiros.com\/blog\/wp-content\/uploads\/2021\/01\/4b9a2e8d-bce8-4760-a12f-04566257fd5e-768x512.jpg 768w, https:\/\/www.mochileiros.com\/blog\/wp-content\/uploads\/2021\/01\/4b9a2e8d-bce8-4760-a12f-04566257fd5e-1536x1024.jpg 1536w, https:\/\/www.mochileiros.com\/blog\/wp-content\/uploads\/2021\/01\/4b9a2e8d-bce8-4760-a12f-04566257fd5e-2048x1365.jpg 2048w, https:\/\/www.mochileiros.com\/blog\/wp-content\/uploads\/2021\/01\/4b9a2e8d-bce8-4760-a12f-04566257fd5e-225x150.jpg 225w, https:\/\/www.mochileiros.com\/blog\/wp-content\/uploads\/2021\/01\/4b9a2e8d-bce8-4760-a12f-04566257fd5e-100x67.jpg 100w, https:\/\/www.mochileiros.com\/blog\/wp-content\/uploads\/2021\/01\/4b9a2e8d-bce8-4760-a12f-04566257fd5e-525x350.jpg 525w, https:\/\/www.mochileiros.com\/blog\/wp-content\/uploads\/2021\/01\/4b9a2e8d-bce8-4760-a12f-04566257fd5e-788x525.jpg 788w\" sizes=\"auto, (max-width: 1200px) 100vw, 1200px\"><br \/>\n\t\t\t\t\t\t\t<a href=\"https:\/\/www.mochileiros.com\/blog\/wp-content\/uploads\/2021\/01\/0da3207e-716a-470d-9a77-f33f09682a50.jpg\" data-elementor-open-lightbox=\"yes\" data-elementor-lightbox-slideshow=\"all-60dde04a\" data-elementor-lightbox-title=\"Airbnb Domingos Martins - Aconchegante Chal\u00e9 em Pedra Azul\" data-elementor-lightbox-description=\"Airbnb Domingos Martins - Aconchegante Chal\u00e9 em Pedra Azul\"><br \/>\n\t\t\t\t\t\t\t\t\t\t\t\t\t\t<\/a><br \/>\n\t\t\t\t\t\t\t<a href=\"https:\/\/www.mochileiros.com\/blog\/wp-content\/uploads\/2021\/01\/4bcde74f-38d9-4311-9073-1b75dd367856.jpg\" data-elementor-open-lightbox=\"yes\" data-elementor-lightbox-slideshow=\"all-60dde04a\" data-elementor-lightbox-title=\"Airbnb Domingos Martins - Aconchegante Chal\u00e9 em Pedra Azul\" data-elementor-lightbox-description=\"Airbnb Domingos Martins - Aconchegante Chal\u00e9 em Pedra Azul\"><br \/>\n\t\t\t\t\t\t\t\t\t\t\t\t\t\t<\/a><br \/>\n\t\t\t\t\t\t\t<a href=\"https:\/\/www.mochileiros.com\/blog\/wp-content\/uploads\/2021\/01\/706c5164-b637-42ba-a9bf-d4cc6087b218.jpg\" data-elementor-open-lightbox=\"yes\" data-elementor-lightbox-slideshow=\"all-60dde04a\" data-elementor-lightbox-title=\"Airbnb Domingos Martins - Aconchegante Chal\u00e9 em Pedra Azul\" data-elementor-lightbox-description=\"Airbnb Domingos Martins - Aconchegante Chal\u00e9 em Pedra Azul\"><br \/>\n\t\t\t\t\t\t\t\t\t\t\t\t\t\t<\/a><br \/>\n\t\t\t\t\t\t\t<a href=\"https:\/\/www.mochileiros.com\/blog\/wp-content\/uploads\/2021\/01\/4494763c-985c-4c9a-a64d-9d6f133cc87e.jpg\" data-elementor-open-lightbox=\"yes\" data-elementor-lightbox-slideshow=\"all-60dde04a\" data-elementor-lightbox-title=\"Airbnb Domingos Martins - Aconchegante Chal\u00e9 em Pedra Azul\"><br \/>\n\t\t\t\t\t\t\t\t\t\t\t\t\t\t<\/a><br \/>\n\t\t\t<a href=\"https:\/\/www.airbnb.com.br\/associates\/361524?s=67&#038;c=.pi115.pk0_9&#038;a4ptk=14855_0_9_361524&#038;af=115\" role=\"button\"><br \/>\n\t\t\t\t\t\tVer mais fotos e reservar<br \/>\n\t\t\t\t\t<\/a><\/p>\n<h2><span class=\"ez-toc-section\" id=\"Airbnb_Domingos_Martins_Mais_opcoes_para_todos_os_gostos_e_bolsos\"><\/span>Airbnb Domingos Martins: Mais op\u00e7\u00f5es para todos os gostos e bolsos!<span class=\"ez-toc-section-end\"><\/span><\/h2>\n<p><strong>Nota:<\/strong> os nomes dos estabelecimentos foram extra\u00eddos dos an\u00fancios publicados no Airbnb, bem como as fotos aqui apresentadas. Os pre\u00e7os citados foram consultados em 20\/01\/2021 e simularam estadia de 19\/02\/21 at\u00e9 21\/02\/21.<br \/>Os valores podem sofrer altera\u00e7\u00f5es (para mais ou para menos dependendo da data em que voc\u00ea vai viajar) e s\u00e3o diferentes nos per\u00edodos de Ano Novo, Carnaval, feriados prolongados e festividades locais.<\/p>\n<p>\u2013 Se voc\u00ea tem d\u00favidas sobre o que \u00e9 e como funciona o <strong><a href=\"https:\/\/www.mochileiros.com\/blog\/airbnb\">Airbnb<\/a><\/strong> confira este artigo (<a href=\"https:\/\/www.mochileiros.com\/blog\/airbnb\">aqui<\/a>) que explica tudinho!<\/p>\n<p>&#8211;<strong> Restri\u00e7\u00f5es com rela\u00e7\u00e3o a pandemia<\/strong><\/p>\n<p>A pandemia n\u00e3o acabou. N\u00e3o relaxe nos cuidados e siga os protocolos sanit\u00e1rios. N\u00e3o fa\u00e7a aglomera\u00e7\u00e3o.<br \/>Vale lembrar que as prefeituras t\u00eam acompanhado o din\u00e2mica dos casos em suas respectivas cidades portanto acompanhe o notici\u00e1rio local (escreva &#8220;Domingos Martins&#8221; no Google e clique em &#8216;not\u00edcias&#8217;) e ou acesse o site e redes sociais dos \u00f3rg\u00e3os oficiais do munic\u00edpio.<\/p>\n<p>\t\t\tParceria Airbnb\t\t<\/p>\n<p>Este post \u00e9 fruto de uma parceria entre o Airbnb e o Mochileiros.com. As hospedagens publicadas aqui foram selecionadas por nossa equipe utilizando crit\u00e9rios editoriais. Caso tenha gostado da nossa sele\u00e7\u00e3o e queira efetuar reserva em uma das estadias publicadas nesta lista, o Mochileiros.com ir\u00e1 ganhar uma pequena porcentagem da plataforma, mas voc\u00ea n\u00e3o pagar\u00e1 nada a mais por isso. Os pre\u00e7os s\u00e3o exatamente os mesmos publicados nos an\u00fancios da Airbnb.<\/p>\n","protected":false},"excerpt":{"rendered":"<p>A cidade de Domingos Martins, nas montanhas capixabas figurou como uma das mais buscadas no Airbnb para isolamento durante a pandemia e agora, com o Esp\u00edrito Santo entre os estados com estabilidade nos casos de Covid-19 segue como op\u00e7\u00e3o para aqueles que, respeitando as regras, queiram descansar em meio \u00e0 natureza, com um belo cen\u00e1rio [&hellip;]<\/p>\n","protected":false},"author":55,"featured_media":56820,"comment_status":"open","ping_status":"closed","sticky":false,"template":"","format":"standard","meta":{"googlesitekit_rrm_CAoiELM5mIOjYRN0nfylq3_9r-8:productID":"","_crdt_document":"","_daim_seo_power":"1000","_daim_enable_ail":"1","footnotes":""},"categories":[168],"tags":[1576,1304],"class_list":["post-56782","post","type-post","status-publish","format-standard","has-post-thumbnail","hentry","category-blog","tag-airbnb","tag-espirito-santo"],"_links":{"self":[{"href":"https:\/\/www.mochileiros.com\/blog\/wp-json\/wp\/v2\/posts\/56782","targetHints":{"allow":["GET"]}}],"collection":[{"href":"https:\/\/www.mochileiros.com\/blog\/wp-json\/wp\/v2\/posts"}],"about":[{"href":"https:\/\/www.mochileiros.com\/blog\/wp-json\/wp\/v2\/types\/post"}],"author":[{"embeddable":true,"href":"https:\/\/www.mochileiros.com\/blog\/wp-json\/wp\/v2\/users\/55"}],"replies":[{"embeddable":true,"href":"https:\/\/www.mochileiros.com\/blog\/wp-json\/wp\/v2\/comments?post=56782"}],"version-history":[{"count":0,"href":"https:\/\/www.mochileiros.com\/blog\/wp-json\/wp\/v2\/posts\/56782\/revisions"}],"wp:featuredmedia":[{"embeddable":true,"href":"https:\/\/www.mochileiros.com\/blog\/wp-json\/wp\/v2\/media\/56820"}],"wp:attachment":[{"href":"https:\/\/www.mochileiros.com\/blog\/wp-json\/wp\/v2\/media?parent=56782"}],"wp:term":[{"taxonomy":"category","embeddable":true,"href":"https:\/\/www.mochileiros.com\/blog\/wp-json\/wp\/v2\/categories?post=56782"},{"taxonomy":"post_tag","embeddable":true,"href":"https:\/\/www.mochileiros.com\/blog\/wp-json\/wp\/v2\/tags?post=56782"}],"curies":[{"name":"wp","href":"https:\/\/api.w.org\/{rel}","templated":true}]}}