{"id":70,"date":"2012-09-11T00:02:35","date_gmt":"2012-09-11T03:02:35","guid":{"rendered":"http:\/\/www.mochilabrasil.com.br\/?p=70"},"modified":"2022-11-16T12:18:15","modified_gmt":"2022-11-16T15:18:15","slug":"costa-rica-tudo-sobre","status":"publish","type":"post","link":"https:\/\/www.mochileiros.com\/blog\/costa-rica-tudo-sobre","title":{"rendered":"Costa Rica: Tudo sobre&#8230;"},"content":{"rendered":"\n<p class=\"wp-block-paragraph\">Viajantes brasileiros t\u00eam fama de exigentes. Sim! Afinal , temos&nbsp; mais de 8.500.000Km\u00b2 de lindas praias, montanhas, Amaz\u00f4nia, Pantanal,&nbsp; incont\u00e1veis cachoeiras etc,&nbsp; tudo, s\u00f3 esperando por nossa mochilada.<\/p>\n\n\n\n<p class=\"wp-block-paragraph\">E se algu\u00e9m lhe disser que um lugar com pouco mais de&nbsp; 51.000 Km\u00b2 tem um pouquinho de quase tudo isso? Tudo b-e-m mais pertinho! Voc\u00ea iria?<\/p>\n\n\n\n<p class=\"wp-block-paragraph\">Bem, sem incitar a concorr\u00eancia com o Brasil, apresentaremos aqui um pouquinho da Costa Rica, pa\u00eds que ficou no topo de um ranking mundial que combina expectativa de vida e sustentabilidade* e \u00e9 \u201cPura vida\u201d como dizem por l\u00e1.<\/p>\n\n\n\n<p class=\"wp-block-paragraph\">46,8% do pa\u00eds \u00e9 coberto de bosques e selvas e 25% do territ\u00f3rio \u00e9 protegido por leis ambientais (eles t\u00eam at\u00e9 o Dia dos Parques Nacionais: 24 de agosto). O pa\u00eds n\u00e3o tem for\u00e7as armadas desde 1948 e quando de nossas andan\u00e7as por l\u00e1 nos pareceu bem tranquilo, podemos at\u00e9 arriscar a dizer realmente seguro.<\/p>\n\n\n\n<p class=\"wp-block-paragraph\">Em se tratando de verba, viajar pela Am\u00e9rica Central \u00e9 barato, mas na Costa Rica nem tudo \u00e9 t\u00e3o barato assim, destaque para algumas hospedagens, passeios\/ingressos e taxis! Taxistas. O bolso pede cuidado com eles! Os taxis oficias na Costa Rita t\u00eam tri\u00e2ngulos amarelos nas portas e o tax\u00edmetro (fuja dos que n\u00e3o t\u00eam esses dois itens).<\/p>\n\n\n\n<p class=\"wp-block-paragraph\">Alugar um carro para percorrer o pa\u00eds tamb\u00e9m \u00e9 interessante e voc\u00ea pode utilizar a carteira de habilita\u00e7\u00e3o brasileira mesmo (isso por no m\u00e1ximo 3 meses). \u00c9 bel\u00edssima a paisagem da regi\u00e3o central costa-riquenha repleta de cafezais. De carro d\u00e1 pra dar uma paradinha para apreciar mais e para os cliques! Agora se voc\u00ea prefere se locomover de \u00f4nibus pode conferir os itiner\u00e1rios e hor\u00e1rios <a href=\"http:\/\/www.visitcostarica.com\/ict\/paginas\/LEYES\/pdf\/ItinerarioBuses_es.pdf\" target=\"_blank\" rel=\"noopener\">aqui<\/a>&nbsp;. Se o seu neg\u00f3cio \u00e9 avi\u00e3o (por falta de tempo ou outro motivo), pelo menos duas companhias cobrem os trajetos nacionais, a <a href=\"http:\/\/www.natureair.com\" target=\"_blank\" rel=\"noopener\">Costa Rica Airlines<\/a>&nbsp;e a <a href=\"http:\/\/www.flysansa.com\" target=\"_blank\" rel=\"noopener\">Sansa<\/a>&nbsp;.<\/p>\n\n\n\n<p class=\"wp-block-paragraph\">Se de repente voc\u00ea est\u00e1 fazendo uma pequena mochilada pela Am\u00e9rica Central (nosso caso) ou se tempo e dinheiro est\u00e3o curtos (nossos casos tamb\u00e9m), pode optar por conhecer coisas que n\u00e3o temos aqui no Brasil: vulc\u00f5es! Bel\u00edssimos parques nacionais e seus vulc\u00f5es!<\/p>\n\n\n\n<div id=\"ez-toc-container\" class=\"ez-toc-v2_0_82_2 counter-hierarchy ez-toc-counter ez-toc-grey ez-toc-container-direction\">\n<div class=\"ez-toc-title-container\">\n<p class=\"ez-toc-title\" style=\"cursor:inherit\">\u00cdndice<\/p>\n<span class=\"ez-toc-title-toggle\"><a href=\"#\" class=\"ez-toc-pull-right ez-toc-btn ez-toc-btn-xs ez-toc-btn-default ez-toc-toggle\" aria-label=\"Alternar tabela de conte\u00fado\"><span class=\"ez-toc-js-icon-con\"><span class=\"\"><span class=\"eztoc-hide\" style=\"display:none;\">Toggle<\/span><span class=\"ez-toc-icon-toggle-span\"><svg style=\"fill: #999;color:#999\" xmlns=\"http:\/\/www.w3.org\/2000\/svg\" class=\"list-377408\" width=\"20px\" height=\"20px\" viewBox=\"0 0 24 24\" fill=\"none\"><path d=\"M6 6H4v2h2V6zm14 0H8v2h12V6zM4 11h2v2H4v-2zm16 0H8v2h12v-2zM4 16h2v2H4v-2zm16 0H8v2h12v-2z\" fill=\"currentColor\"><\/path><\/svg><svg style=\"fill: #999;color:#999\" class=\"arrow-unsorted-368013\" xmlns=\"http:\/\/www.w3.org\/2000\/svg\" width=\"10px\" height=\"10px\" viewBox=\"0 0 24 24\" version=\"1.2\" baseProfile=\"tiny\"><path d=\"M18.2 9.3l-6.2-6.3-6.2 6.3c-.2.2-.3.4-.3.7s.1.5.3.7c.2.2.4.3.7.3h11c.3 0 .5-.1.7-.3.2-.2.3-.5.3-.7s-.1-.5-.3-.7zM5.8 14.7l6.2 6.3 6.2-6.3c.2-.2.3-.5.3-.7s-.1-.5-.3-.7c-.2-.2-.4-.3-.7-.3h-11c-.3 0-.5.1-.7.3-.2.2-.3.5-.3.7s.1.5.3.7z\"\/><\/svg><\/span><\/span><\/span><\/a><\/span><\/div>\n<nav><ul class='ez-toc-list ez-toc-list-level-1 ' ><li class='ez-toc-page-1 ez-toc-heading-level-2'><a class=\"ez-toc-link ez-toc-heading-1\" href=\"https:\/\/www.mochileiros.com\/blog\/costa-rica-tudo-sobre\/#Vulcoes_ativos_da_Costa_Rica\" >Vulc\u00f5es ativos da Costa Rica<\/a><\/li><li class='ez-toc-page-1 ez-toc-heading-level-2'><a class=\"ez-toc-link ez-toc-heading-2\" href=\"https:\/\/www.mochileiros.com\/blog\/costa-rica-tudo-sobre\/#Atracoes_imperdiveis\" >Atra\u00e7\u00f5es imperd\u00edveis<\/a><\/li><li class='ez-toc-page-1 ez-toc-heading-level-2'><a class=\"ez-toc-link ez-toc-heading-3\" href=\"https:\/\/www.mochileiros.com\/blog\/costa-rica-tudo-sobre\/#Como_chegar_a_Costa_Rica\" >Como chegar \u00e0 Costa Rica<\/a><ul class='ez-toc-list-level-3' ><li class='ez-toc-heading-level-3'><a class=\"ez-toc-link ez-toc-heading-4\" href=\"https:\/\/www.mochileiros.com\/blog\/costa-rica-tudo-sobre\/#Opcoes_de_hospedagem_na_Costa_Rica_aqui\" >Op\u00e7\u00f5es de hospedagem na Costa Rica aqui<\/a><\/li><\/ul><\/li><li class='ez-toc-page-1 ez-toc-heading-level-2'><a class=\"ez-toc-link ez-toc-heading-5\" href=\"https:\/\/www.mochileiros.com\/blog\/costa-rica-tudo-sobre\/#_informacoes_relevantes\" >&nbsp;+ informa\u00e7\u00f5es relevantes<\/a><\/li><li class='ez-toc-page-1 ez-toc-heading-level-2'><a class=\"ez-toc-link ez-toc-heading-6\" href=\"https:\/\/www.mochileiros.com\/blog\/costa-rica-tudo-sobre\/#Na_internet\" >Na internet<\/a><\/li><li class='ez-toc-page-1 ez-toc-heading-level-2'><a class=\"ez-toc-link ez-toc-heading-7\" href=\"https:\/\/www.mochileiros.com\/blog\/costa-rica-tudo-sobre\/#_Curiosidades\" >&nbsp;Curiosidades<\/a><\/li><li class='ez-toc-page-1 ez-toc-heading-level-2'><a class=\"ez-toc-link ez-toc-heading-8\" href=\"https:\/\/www.mochileiros.com\/blog\/costa-rica-tudo-sobre\/#Fotos_da_Costa_Rica\" >Fotos da Costa Rica:<\/a><\/li><\/ul><\/nav><\/div>\n<h2 class=\"wp-block-heading\"><span class=\"ez-toc-section\" id=\"Vulcoes_ativos_da_Costa_Rica\"><\/span>Vulc\u00f5es ativos da Costa Rica<span class=\"ez-toc-section-end\"><\/span><\/h2>\n\n\n\n<figure class=\"wp-block-image alignnone\"><a href=\"https:\/\/www.mochileiros.com\/blog\/wp-content\/uploads\/2012\/09\/DSC05452.jpg\"><img decoding=\"async\" src=\"https:\/\/www.mochileiros.com\/blog\/wp-content\/uploads\/2012\/09\/DSC05452-1024x682.jpg\" alt=\"Espet\u00e1culo em La Fortuna - Foto: Silnei L Andrade \/ Mochila Brasil\" class=\"wp-image-3116\"\/><\/a><figcaption class=\"wp-element-caption\">Espet\u00e1culo em La Fortuna &#8211; Foto: Silnei L Andrade \/ Mochila Brasil<\/figcaption><\/figure>\n\n\n\n<p class=\"wp-block-paragraph\"><strong>Iraz\u00fa <\/strong>&#8211; Em dias de horizonte sem nuvens, da capital, S\u00e3o Jos\u00e9 \u00e9 poss\u00edvel avistar um dos mais conhecidos vulc\u00f5es costa-riquenhos, o Iraz\u00fa. Ele est\u00e1 a 3432m acima do n\u00edvel do mar, \u00e9 o mais alto do pa\u00eds.<br \/>Uma estrada asfaltada (que parte da Panamericana) leva at\u00e9 o vulc\u00e3o que fica na prov\u00edncia de Cartago, a 31Km da cidade de Cartago. Muitas ag\u00eancias de turismo levam at\u00e9 o local.<br \/>Com sorte, em dias de c\u00e9u limpo, do Iraz\u00fa \u00e9 poss\u00edvel avistar os oceanos Pac\u00edfico e Atl\u00e2ntico e, com telesc\u00f3pio, o maior lago da Am\u00e9rica Central (o segundo maior da Am\u00e9rica Latina, ficando atr\u00e1s somente do Titicaca na Bol\u00edvia), o Lago Nicar\u00e1gua.<br \/>H\u00e1 2 crateras principais. A \u201cDiego de la Haya\u201d \u00e9 que mais aparece nas fotos dos viajantes com seu exuberante tom de verde&#8230;<br \/>A \u00faltima erup\u00e7\u00e3o do Iraz\u00fa ocorreu em dezembro de 1994.<br \/>Telefone para mais informa\u00e7\u00f5es: (506) 2551-9398.<\/p>\n\n\n\n<p class=\"wp-block-paragraph\"><strong>Po\u00e1s<\/strong> \u2013 O vulc\u00e3o fica no Parque Nacional Po\u00e1s, o mais visitado da Costa Rica, talvez por sua beleza c\u00eanica.&nbsp; Conta com v\u00e1rias trilhas entre a cratera e a Laguna Botos (lago formado por uma cratera) e mirantes nas \u00e1reas de ambos, bem como pequenos g\u00eaiseres que tamb\u00e9m s\u00e3o respons\u00e1veis pela sua fama.<br \/>Est\u00e1 a 37Km de Alajuela, na prov\u00edncia de Alajuela. Da cidade partem \u00f4nibus di\u00e1rios at\u00e9 o parque. Atente para o hor\u00e1rio pois \u00e9 somente um di\u00e1rio (para ir e para voltar).<br \/>Telefone para mais informa\u00e7\u00f5es: (506) 2482-2121.<br \/>\u00c9 o \u00fanico parque nacional do pa\u00eds que tem acesso para cadeirantes.<\/p>\n\n\n\n<p class=\"wp-block-paragraph\">Os vulc\u00f5es Iraz\u00fa e Po\u00e1s fazem parte da chamada Cordillera Volc\u00e1nica Central (Cordilheira Vulc\u00e2nica Central).<\/p>\n\n\n\n<p class=\"wp-block-paragraph\"><strong>Rinc\u00f3n de La Vieja<\/strong> \u2013 na \u00e1rea de um maci\u00e7o com mais de 600 mil anos est\u00e1 o Rinc\u00f3n de La Vieja, vulc\u00e3o cujas atividades fornecem o ambiente para \u00e1guas termais e lagos de vapor, dispon\u00edveis para os visitantes. Fica entre Liberia e Upala (nas prov\u00edncias de Guanacaste e Alajuela, respectivamente). No Parque Nacional Rinc\u00f3n de La Vieja h\u00e1 op\u00e7\u00f5es de trilha e caminhos a serem feitos com ve\u00edculo 4&#215;4.<br \/>O parque tem um pequeno centro de visitantes, mirante, estacionamento e duas \u00e1reas de camping.<br \/>Telefone para mais informa\u00e7\u00f5es: (506) 2661-8139.<\/p>\n\n\n\n<p class=\"wp-block-paragraph\"><strong>Arenal<\/strong> \u2013 vulc\u00e3o c\u00f4nico, daqueles que logo nos remetem \u00e0 imagem \u201cvulc\u00e3o\u201d quando pensamos em um. A silhueta, a cor viva das explos\u00f5es e a lava expelida durante a noite \u00e9 um espet\u00e1culo na pequena (pequena mesmo) vila de La Fortuna de San Carlos, ou simplesmente, La Fortuna, cujo centro dista 15km do vulc\u00e3o. Os ares de cidade pequena do interior e o majestoso vulc\u00e3o fazem do local parada obrigat\u00f3ria. Quesada \u00e9 a cidade mais pr\u00f3xima, a 40km.<br \/>Lembrando que a vila \u00e9 pequena mesmo, mas \u00e9 dotada de total infra-estrutura tur\u00edstica, tem lavanderias, receptivos, hospedagem, restaurantes e at\u00e9 Burger-King! Os viajantes recomendam muito o Caf\u00e9 Viena por ali!<br \/>Pr\u00f3ximo ao Arenal, mas j\u00e1 inativo, est\u00e1 o vulc\u00e3o Chato que, quando em atividade ajudou a formar a Catarata do Rio Fortuna; hoje tamb\u00e9m uma das atra\u00e7\u00f5es locais.<\/p>\n\n\n\n<p class=\"wp-block-paragraph\">Bem, voc\u00ea certamente ouvir\u00e1 falar da \u201cLaguna del Arenal\u201d ou \u201cLago Arenal\u201d . Um lago artificial constru\u00eddo em 1974 para obten\u00e7\u00e3o de energia hidroel\u00e9trica. Em \u00e1reas do lago \u00e9 poss\u00edvel a pr\u00e1tica de esportes n\u00e1uticos, pesca desportiva ou simples passeios para se observar a paisagem e a impon\u00eancia do vulc\u00e3o. Fam\u00edlias locais tamb\u00e9m fazem seus passeios por ali.<\/p>\n\n\n\n<p class=\"wp-block-paragraph\">&#8211; Alguns v\u00eddeos (did\u00e1ticos) podem matar um pouco mais da curiosidade dos viajantes que queiram conhecer os <span style=\"text-decoration: underline;\"><a href=\"http:\/\/audiovisuales.uned.ac.cr\/mediateca\/videos\/205\/volc%C3%A1n-po%C3%A1s.-misterios-en-las-profundidades\" target=\"_blank\" rel=\"noopener\">vulc\u00f5es da Costa Rica<\/a><\/span> &nbsp;(No link, v\u00eddeo sobre o Vulc\u00e3o Po\u00e1s, na lateral direita da p\u00e1gina voc\u00ea encontra outros v\u00eddeos de conte\u00fado similar. Todos em espanhol).<\/p>\n\n\n\n<p class=\"wp-block-paragraph\">Al\u00e9m dos vulc\u00f5es e seus bel\u00edssimos cen\u00e1rios, paisagens muito incomuns para n\u00f3s brasileiros, a maioria das \u00e1reas tur\u00edsticas costa-riquenhas tem muito boa infra-estrutura, com trilhas bem demarcadas (at\u00e9 demais em alguns casos), boa sinaliza\u00e7\u00e3o (em espanhol e ingl\u00eas); contam com guias muito gentis e educados (n\u00e3o \u00e9 uma quest\u00e3o pessoal, mas profissional), ingressos a pre\u00e7os n\u00e3o muito convidativos (mas h\u00e1 de se considerar que manter aquilo tudo protegido, limpo e em pleno funcionamento requer investimento) e uma \u201cmalha\u201d tur\u00edstica muito profissional. Em vilas pequenas das regi\u00f5es tur\u00edsticas voc\u00ea vai encontrar v\u00e1rias ag\u00eancias de tours\/receptivos, bom n\u00famero de leitos e alguma oferta gastron\u00f4mica e, claro, muita criatividade! Turistas estrangeiros (alguns estudiosos dedicados, outros n\u00e3o) que agora residem por l\u00e1 podem montar um borbolet\u00e1rio por exemplo e, um nativo pode ampliar sua casa e fazer ali mesmo um \u201cmini-museu de insetos\u201d.&nbsp; Iniciativas muito v\u00e1lidas, importantes e reconhecidas que levam algum lucro para pessoas que sen\u00e3o exclusivamente, quase exclusivamente, vivem do turismo; ind\u00fastria que mais vem contribuindo para o PIB do pa\u00eds. Desde 1995 representa a primeira fonte de divisas para a economia costa-riquenha.<\/p>\n\n\n\n<p class=\"wp-block-paragraph\">Recorrido los volcanes&#8230; que tal um passeio \u00e0 p\u00e9 por <span style=\"text-decoration: underline;\">pontes suspensas<\/span> a metros de altura em meio \u00e0 exuberantes fauna e flora?! E uma caminhada por uma <span style=\"text-decoration: underline;\">floresta<\/span> n\u00e3o selvagem, mas n\u00e3o menos atrativa? Se a resposta \u00e9 sim, siga para a regi\u00e3o de Monteverde!<\/p>\n\n\n\n<p class=\"wp-block-paragraph\">No caminho, cafezais e um lindo c\u00e9u azul para chegar \u00e0 Monteverde, base da Reserva Biol\u00f3gica de Monteverde e Santa Elena que se extende do Pac\u00edfico ao Atl\u00e2ntico. Digo base, pois ali est\u00e3o as hospedagens e servi\u00e7os tur\u00edsticos para conhecer a regi\u00e3o cujos passeios v\u00e3o de caminhadas e cavalgadas, passando por tours em cooperativas de cafeicultores a visitas \u00e0 serpent\u00e1rios.<\/p>\n\n\n\n<p class=\"wp-block-paragraph\">Muitas atra\u00e7\u00f5es ali s\u00e3o meio \u201cpega-gringo\u201d ent\u00e3o atente \u00e0s prioridades, pois de ran\u00e1rio a ran\u00e1rio seu dinheiro vai para o brejo (n\u00e3o literalmente, porque a coisa por l\u00e1 \u00e9 realmente muito organizada).<\/p>\n\n\n\n<p class=\"wp-block-paragraph\">N\u00f3s ajudamos o turismo local visitando rapidamente um mini-museu de insetos (n\u00e3o vale a pena) e o ran\u00e1rio, que posso dizer&#8230; foi&#8230; curioso.<\/p>\n\n\n\n<p class=\"wp-block-paragraph\">O ingresso no ran\u00e1rio custa US$ 10 por pessoa. Crian\u00e7a de at\u00e9 6 anos, acompanhada de adulto pagante, n\u00e3o paga. Mais informa\u00e7\u00f5es via: <a href=\"mailto:ranariomv@racsa.co.cr\">ranariomv@racsa.co.cr<\/a> ou (506) 2645-6320.<\/p>\n\n\n\n<h2 class=\"wp-block-heading\"><span class=\"ez-toc-section\" id=\"Atracoes_imperdiveis\"><\/span>Atra\u00e7\u00f5es imperd\u00edveis<span class=\"ez-toc-section-end\"><\/span><\/h2>\n\n\n\n<p class=\"wp-block-paragraph\"><strong>Reserva Biol\u00f3gica Bosque Nuboso Monteverde<\/strong> &#8211;&nbsp; ali at\u00e9 o mais distra\u00eddo dos viajantes vai sentir algo diferente, \u00e9 como se voc\u00ea estivesse realmente em uma floresta, nublada, com \u00e1rvores lindas e imensas, uma infinidade de plantas, orqu\u00eddeas e brom\u00e9lias que s\u00e3o \u00edm\u00e3s para o olhar, ar puro e pisando em um caminho \u201cfofinho\u201d formado de musgos por conta da umidade.<\/p>\n\n\n\n<p class=\"wp-block-paragraph\">O bosque possui 13km de trilhas (mapa: https:\/\/www.mochileiros.com\/blog\/wp-content\/uploads\/2019\/06\/senderos-trails.jpg &nbsp;), mirante, servi\u00e7os de guia, cafeteria, restaurante e um albergue de montanha o \u201cLa Casona\u201d com capacidade para at\u00e9 47 pessoas (US$ 62 por pessoa com banheiro compartilhado e US$ 73 com banheiro privado \u2013 inclui tr\u00eas refei\u00e7\u00f5es, a entrada da reserva e uma noite no albergue).<br \/>Para hospedar-se no \u201cLa Casona\u201d &nbsp;\u00e9 preciso fazer uma reserva atrav\u00e9s do <a href=\"mailto:reservaciones2@cct.or.cr\">reservaciones2@cct.or.cr<\/a> ou pelo telefone (506) 2645-5122.<\/p>\n\n\n\n<p class=\"wp-block-paragraph\">A n\u00e3o ser que voc\u00ea queira fazer uma caminhada noturna ou esteja no local para pesquisa cient\u00edfica, precisar\u00e1 de mais que um dia para apreciar um pouco da reserva que funciona das 7h \u00e0s 16h, durante todo o ano. A entrada custa US$ 18 para estrangeiros. Crian\u00e7as estrangeiras pagam US$ 9. Sim \u00e9 um lugar que d\u00e1 pra mochilar de 0 a 90 anos!<\/p>\n\n\n\n<p class=\"wp-block-paragraph\">Cada tipo de caminhada guiada tem um pre\u00e7o. Para saber mais sobre, consulte via e-mail: <span style=\"text-decoration: underline;\"><a href=\"mailto:montever@cct.or.cr\">montever@cct.or.cr<\/a><\/span> ou no <span style=\"text-decoration: underline;\">https:\/\/cloudforestmonteverde.com\/<\/span><\/p>\n\n\n\n<p class=\"wp-block-paragraph\">Para estudiosos\/pesquisadores a reserva oferece ainda,&nbsp; uma mini biblioteca t\u00e9cnica, um laborat\u00f3rio e trilhas para investiga\u00e7\u00e3o, algumas n\u00e3o utilizadas por turistas.<\/p>\n\n\n\n<figure class=\"wp-block-image alignnone\"><a href=\"https:\/\/www.mochileiros.com\/blog\/wp-content\/uploads\/2012\/09\/DSC05154.jpg\"><img decoding=\"async\" src=\"https:\/\/www.mochileiros.com\/blog\/wp-content\/uploads\/2012\/09\/DSC05154-1024x682.jpg\" alt=\"Ponte suspensa - Foto: Silnei L Andrade \/ Mochila Brasil\" class=\"wp-image-3087\"\/><\/a><figcaption class=\"wp-element-caption\">Ponte suspensa &#8211; Foto: Silnei L Andrade \/ Mochila Brasil<\/figcaption><\/figure>\n\n\n\n<p class=\"wp-block-paragraph\"><strong>Pontes suspensas<\/strong> \u2013 pequenas trilhas em meio \u00e0 floresta e alguns degraus de uma confi\u00e1vel estrutura podem lev\u00e1-lo al\u00e9m da copa de imensas \u00e1rvores!&nbsp; Em princ\u00edpio parece bobo, mas a sensa\u00e7\u00e3o, a vista, os sons e a inimagin\u00e1vel integra\u00e7\u00e3o com aquele ambiente valem a pena.<\/p>\n\n\n\n<p class=\"wp-block-paragraph\">O \u201cSky Walk\u201d, passeio pelas pontes suspensas \u00e0 p\u00e9 \u00e9 o mais interessante.&nbsp; O trajeto de 5 pontes t\u00eam extens\u00f5es que variam entre 30 e 300 metros e as alturas entre 15 e 49 metros.<\/p>\n\n\n\n<p class=\"wp-block-paragraph\">Quem gosta de tirolesa, pode optar pelo \u201cSky Trek\u201d. O maior cabo entre as \u00e1rvores tem 750m alguns est\u00e3o a 160m de altura! Para ter acesso ao primeiro cabo da tirolesa voc\u00ea precisa fazer os 15 minutos de passeio em um telef\u00e9rico o \u201cSky Tram\u201d.<\/p>\n\n\n\n<p class=\"wp-block-paragraph\">Tamb\u00e9m h\u00e1 o passeio de 15 minutos em um telef\u00e9rico. O \u201cSky Tram\u201d.<\/p>\n\n\n\n<p class=\"wp-block-paragraph\">O Sky Walk (diurno ou noturno) guiado custa US$ 33 por pessoa e o Sky Tram + Sky Trek sai a US$ 66 por pessoa. Os 3 juntos custam US$ 83 por pessoa. O passeio de telef\u00e9rico + a caminhada pelas pontes suspensas custam US$ 55. Analise o que vale mais a pena pra voc\u00ea na ocasi\u00e3o! Crian\u00e7as pagam um pouquinho mais que a metade do pre\u00e7o dos adultos (exceto na tirolesa, que \u00e9 proibida para menores de 8 anos).<\/p>\n\n\n\n<p class=\"wp-block-paragraph\">Mais informa\u00e7\u00f5es podem ser obtidas em <span style=\"text-decoration: underline;\">https:\/\/skyadventures.travel\/monteverde<\/span> , por e-mail <span style=\"text-decoration: underline;\"><a href=\"mailto:info@skytrek.com\">info@skytrek.com<\/a><\/span> ou atrav\u00e9s do telefone (506) 2645-5238.<br \/>A Sky adventures tamb\u00e9m oferece seus servi\u00e7os na regi\u00e3o do Vulc\u00e3o Arenal.<\/p>\n\n\n\n<p class=\"wp-block-paragraph\">&#8211; Quando de nossa visita \u00e0 Costa Rica fizemos o passeios pelas pontes suspensas sem guia (parece realmente desnecess\u00e1rio a n\u00e3o ser que voc\u00ea queira informa\u00e7\u00f5es muito espec\u00edficas sobre por exemplo, flora e fauna locais). Consulte sobre se isso \u00e9 poss\u00edvel no momento.<\/p>\n\n\n\n<p class=\"wp-block-paragraph\">Uma das coisas que voc\u00ea vai observar na Costa Rica, al\u00e9m da incr\u00edvel natureza (n\u00e3o \u00e9 a toa que o marketing do turismo do pa\u00eds \u00e9 \u201cSin ingredientes artificiales\u201d \u2013 Sem ingredientes artificiais) \u00e9 que quase tudo que voc\u00ea pense em fazer por l\u00e1 (em se tratando de passeios) vai esbarrar em alguma empresa, ONG e ou funda\u00e7\u00e3o local oferecendo muitas op\u00e7\u00f5es de todas as atividades que possa imaginar.<\/p>\n\n\n\n<p class=\"wp-block-paragraph\">Apesar de toda tranquilidade que paira sobre a Costa Rica vale ressaltar que como em qualquer lugar por onde se esteja viajando, ostentar est\u00e1 fora de cogita\u00e7\u00e3o. O turismo local frisa que voc\u00ea deve tomar conta de seus pertences, sobretudo em lugares p\u00fablicos e transportes, que deixe coisas de valor no cofre de onde est\u00e1 hospedado e que n\u00e3o d\u00ea esmolas a pedintes. N\u00f3s n\u00e3o cruzamos com nenhum na Costa Rica o que nos deixou muito felizes e com uma certa inveja, afinal seria t\u00e3o bom se alguns brasileiros n\u00e3o fossem obrigados \u00e0 mendigar pelas ruas&#8230;<\/p>\n\n\n\n<figure class=\"wp-block-image alignnone\"><a href=\"https:\/\/www.mochileiros.com\/blog\/wp-content\/uploads\/2012\/09\/DSC05417.jpg\"><img decoding=\"async\" src=\"https:\/\/www.mochileiros.com\/blog\/wp-content\/uploads\/2012\/09\/DSC05417-1024x682.jpg\" alt=\"Do centro de La Fortuna partem os passeios para o vulc\u00e3o e cachoeiras da regi\u00e3o - Foto: Silnei L Andrade \/ Mochila Brasil\" class=\"wp-image-3112\"\/><\/a><figcaption class=\"wp-element-caption\">Do centro de La Fortuna partem os passeios para o vulc\u00e3o e cachoeiras da regi\u00e3o &#8211; Foto: Silnei L Andrade \/ Mochila Brasil<\/figcaption><\/figure>\n\n\n\n<h2 class=\"wp-block-heading\"><span class=\"ez-toc-section\" id=\"Como_chegar_a_Costa_Rica\"><\/span>Como chegar \u00e0 Costa Rica<span class=\"ez-toc-section-end\"><\/span><\/h2>\n\n\n\n<p class=\"wp-block-paragraph\">Chegamos \u00e0 Costa Rica vindos do Panam\u00e1, mais precisamente do Terminal Albrook na Cidade do Panam\u00e1 (sa\u00edmos de SP rumo \u00e0 Bol\u00edvia, passando por Peru, Equador, Col\u00f4mbia, Panam\u00e1, Costa Rica, Nicar\u00e1gua, Honduras, El Salvador e Guatemala), por terra, mais precisamente de \u00f4nibus, com o \u201cTica Bus\u201d. Pre\u00e7os, hor\u00e1rios e itiner\u00e1rios podem ser vistos em: <span style=\"text-decoration: underline;\">https:\/\/www.ticabus.com\/Route\/routes_maps<\/span><br \/>O Tica Bus roda por toda a Am\u00e9rica Central (exceto Belize), tem terminais nas capitais e vai at\u00e9 Tapachula, no M\u00e9xico.<br \/>Se voc\u00ea vai de avi\u00e3o \u00e0 Costa Rica, passagens de ida e volta s\u00e3o necess\u00e1rios para a entrada no pa\u00eds.<br \/>N\u00f3s, como fomos de \u00f4nibus do Panam\u00e1 para l\u00e1 n\u00e3o precisamos. S\u00f3 \u00e9 um pouco cansativa a passagem pela fronteira entre os dois pa\u00edses,&nbsp; nada comparada \u00e0 volta cuja entrada \u00e9 a partir da Nicar\u00e1gua. Burocracia, revistas, perguntas e fila, muita fila! Os costa-riquenhos sofrem com uma consider\u00e1vel&nbsp; e n\u00e3o desejada (pelo que notamos por conversas com alguns ticos*), \u201cinvas\u00e3o\u201d nicaraguense.<\/p>\n\n\n\n<h3 class=\"wp-block-heading\"><span class=\"ez-toc-section\" id=\"Opcoes_de_hospedagem_na_Costa_Rica_aqui\"><\/span>Op\u00e7\u00f5es de hospedagem na Costa Rica <span style=\"text-decoration: underline;\"><a href=\"http:\/\/www.reservations.bookhostels.com\/mochilabrasil.com.br\/\" target=\"_blank\" rel=\"noopener noreferrer\">aqui<\/a><\/span><span class=\"ez-toc-section-end\"><\/span><\/h3>\n\n\n\n<h2 class=\"wp-block-heading\"><span class=\"ez-toc-section\" id=\"_informacoes_relevantes\"><\/span>&nbsp;<span style=\"text-align: justify;\">+ informa\u00e7\u00f5es relevantes<\/span><span class=\"ez-toc-section-end\"><\/span><\/h2>\n\n\n\n<p class=\"wp-block-paragraph\">Brasileiros com passaporte v\u00e1lido (atente para que ele n\u00e3o venha a expirar dentro de menos de 7 meses) n\u00e3o precisam de visto para entrarem na Costa Rica e sem visto podem ficar por l\u00e1 at\u00e9 90 dias. Se voc\u00ea quer informa\u00e7\u00f5es mais espec\u00edficas sobre visto como, por exemplo, de trabalho, ou residente pode obt\u00ea-las <a href=\"https:\/\/www.migracion.go.cr\/SitePages\/Inicio.aspx\" target=\"_blank\" rel=\"noopener\"><strong><span style=\"text-decoration: underline;\">aqui<\/span><\/strong><\/a>.<\/p>\n\n\n\n<p class=\"wp-block-paragraph\">\u00c9 preciso levar o comprovante (internacional) de vacina contra a Febre-Amarela para entrar no pa\u00eds.<\/p>\n\n\n\n<p class=\"wp-block-paragraph\">\u00c9 preciso contratar um <a href=\"https:\/\/www.mochileiros.com\/blog\/seguro-viagem-costa-rica\" target=\"_blank\" rel=\"noreferrer noopener\"><span style=\"text-decoration: underline;\">Seguro Viagem Costa Rica<\/span><\/a> para entrar no pa\u00eds.<\/p>\n\n\n\n<p class=\"wp-block-paragraph\">Os produtos e ou servi\u00e7os na Costa Rica, assim como em outros pa\u00edses da Am\u00e9rica Central t\u00eam um imposto, ou embutido, ou acrescido sobre cada artigo. Antes de achar que algo est\u00e1 muito baratinho confira se j\u00e1 est\u00e1 incluso o imposto de 13% (Veja se h\u00e1 algo escrito, porque se voc\u00ea perguntar vai ter que confiar na honestidade da pessoa que pode dizer que n\u00e3o e cobrar-lhe a mais!).<\/p>\n\n\n\n<p class=\"wp-block-paragraph\">A moeda nacional \u00e9 o Col\u00f3n, mas d\u00f3lares americanos e euros s\u00e3o aceitos por toda parte. \u00c9 sempre bom ter algo em moeda local no bolso (em qualquer destino) para evitar cota\u00e7\u00f5es apressadas e desatentas fazendo com que voc\u00ea perca seu suado dinerito na convers\u00e3o.<\/p>\n\n\n\n<p class=\"wp-block-paragraph\">Uma coisa que pode gerar certa confus\u00e3o \u00e9 com rela\u00e7\u00e3o aos endere\u00e7os das ruas. Comumente os costa-riquenhos utilizam um ponto de refer\u00eancia e algo de coordenadas geogr\u00e1ficas.&nbsp; Exemplo:&nbsp; \u201c100m Este Del Ministerio del Trabajo, barrio Tourn\u00f3n\u201d (seria algo como 100m a leste do pr\u00e9dio do minist\u00e9rio do Trabalho, bairro Tourn\u00f3n) ou Costado Este del Puente Juan Pablo II, sobre Autopista General Ca\u00f1as (Canto leste da Puente Juan Pablo, sobre a estrada General Ca\u00f1as). Santo ponto de refer\u00eancia! Dif\u00edcil pra n\u00f3s n\u00e3o?! Ent\u00e3o mapinha na m\u00e3o e muita aten\u00e7\u00e3o quando pedir informa\u00e7\u00f5es em postos, no hotel\/hostel\/pousada e a pessoas confi\u00e1veis.<\/p>\n\n\n\n<figure class=\"wp-block-image alignnone\"><a href=\"https:\/\/www.mochileiros.com\/blog\/wp-content\/uploads\/2012\/09\/DSC05411.jpg\"><img decoding=\"async\" src=\"https:\/\/www.mochileiros.com\/blog\/wp-content\/uploads\/2012\/09\/DSC05411-1024x682.jpg\" alt=\"Detalhe do carro de boi, artesanato mais famoso da Costa Rica - Foto: Silnei L Andrade \/ Mochila Brasil\" class=\"wp-image-3110\"\/><\/a><figcaption class=\"wp-element-caption\">Detalhe do carro de boi, artesanato mais famoso da Costa Rica &#8211; Foto: Silnei L Andrade \/ Mochila Brasil<\/figcaption><\/figure>\n\n\n\n<h2 class=\"wp-block-heading\"><span class=\"ez-toc-section\" id=\"Na_internet\"><\/span>Na internet<span class=\"ez-toc-section-end\"><\/span><\/h2>\n\n\n\n<p class=\"wp-block-paragraph\"><a href=\"http:\/\/www.visitcostarica.com\/\" target=\"_blank\" rel=\"noopener\">http:\/\/www.visitcostarica.com<\/a> &nbsp;(Muito completo, traz informa\u00e7\u00f5es gerais sobre o turismo no pa\u00eds. Em espanhol,ingl\u00eas, alem\u00e3o e franc\u00eas)<\/p>\n\n\n\n<p class=\"wp-block-paragraph\"><a href=\"https:\/\/www.facebook.com\/ACTUARCostarica\/\" target=\"_blank\" rel=\"noopener\">ACTUARCostarica<\/a>&nbsp; ( Tamb\u00e9m nos quatro idiomas. Tem informa\u00e7\u00f5es para quem est\u00e1 interessado em Turismo Rural na Costa Rica, cultural, para descanso ou aventura).<\/p>\n\n\n\n<p class=\"wp-block-paragraph\"><a href=\"http:\/\/www.cct.or.cr\/\" target=\"_blank\" rel=\"noopener\">http:\/\/www.cct.or.cr<\/a> (Site da ONG que controla, entre outras reservas a de Monteverde. Para quem est\u00e1 interessado em informa\u00e7\u00f5es mais cient\u00edficas e outros dados sobre a reserva).<\/p>\n\n\n\n<p class=\"wp-block-paragraph\">Para os interessados e ou preocupados com as atividades dos vulc\u00f5es e tamb\u00e9m com terremotos, segue o endere\u00e7o do site do Observatorio Vulcanol\u00f3gico e Sismologico de Costa Rica: <a href=\"http:\/\/www.ovsicori.una.ac.cr\/\" target=\"_blank\" rel=\"noopener\">http:\/\/www.ovsicori.una.ac.cr\/<\/a> .<\/p>\n\n\n\n<h2 class=\"wp-block-heading\"><span class=\"ez-toc-section\" id=\"_Curiosidades\"><\/span>&nbsp;Curiosidades<span class=\"ez-toc-section-end\"><\/span><\/h2>\n\n\n\n<p class=\"wp-block-paragraph\">Saudade do arroz com feij\u00e3o? Vendido at\u00e9 no McDonald\u2019s o <span style=\"text-decoration: underline;\">Gallo Pinto<\/span> \u00e9 a pedida!<br \/>O prato, cuja origem \u00e9 reivindicada por Costa Rica e Nicar\u00e1gua \u00e9 uma mescla de arroz com feij\u00f5es pretos ou vermelhos\/marrons e faz parte da culin\u00e1ria local. Na verdade o prato, com pequenas varia\u00e7\u00f5es e com outros nomes \u00e9 encontrado desde o M\u00e9xico, at\u00e9 por aqui. O nosso famoso e para muitos, di\u00e1rio, \u201carroz com feij\u00e3o\u201d.<br \/>Na Am\u00e9rica Central dizem que o prato foi trazido \u00e0 Costa do Caribe por negros africanos que, na falta de variedade nos alimentos misturaram os gr\u00e3os. Acertaram em cheio! (\u00c9 a mesma hist\u00f3ria da nossa \u201cFeijoada\u201d)<br \/>Supostamente chamaram o prato de \u201cgallo pinto\u201d, pois ele lembrava um galo (de penas brancas) com \u201cplumas\u201d pintadas de vermelho.<br \/>Em outras partes da Costa Rica adotaram o nome \u201cRice and beans\u201d (arroz e feij\u00e3o) e nas regi\u00f5es do Caribe muitos acrescentam leite de coco \u00e0 receita.<br \/>Em Cuba, o prato \u00e9 chamado de \u201cmoros y cristianos\u201d (Mouros e Crist\u00e3os). Em El Salvador e Honduras, \u201ccasamiento\u201d ou \u201carroz y frijoles\u201d na costa norte hondure\u00f1a (casamento e arroz e feij\u00f5es, respectivamente); na Guatemala o prato \u00e9 conhecido por \u201ccasados\u201d ou \u201carroz y frijoles\u201d.<br \/>Detalhe: o \u201cGallo pinto\u201d \u00e9 comido no caf\u00e9-da-manh\u00e3! (E quando mais der vontade).<\/p>\n\n\n\n<p class=\"wp-block-paragraph\">Sua v\u00f3, m\u00e3e e at\u00e9 voc\u00ea j\u00e1 podem ter falado a palavra \u201cpequeno\u201d num diminutivo carinhoso do tipo \u201cpititinho\u201d, \u201cpititico\u201d. O \u201cmomento fofo\u201d \u00e9 s\u00f3 pra ilustrar (grosso modo), de onde vem o gent\u00edlico coloquial <span style=\"text-decoration: underline;\">\u201cTico\u201d<\/span> referente aos costarricenses (em espanhol) ou costarriquenhos (em portugu\u00eas).<br \/>Segundo a tradi\u00e7\u00e3o, durante a guerra contra os filibusteiros na Am\u00e9rica Central (comandados pelo norte americano Willian Walker), soldados observaram que os costarriquenhos tinham o h\u00e1bito de terminarem os diminutivos com \u201cico\u201d, \u201cica\u201d ao inv\u00e9s de \u201cIto\u201d, \u201cita\u201d, para, por exemplo, palavras como gato (gatito, gatico), pato (patito, patico); com rela\u00e7\u00e3o aos compatriotas, seus hermanitos, eles afetuosamente chamavam hermaniticos.<br \/>Uma das companhias de \u00f4nibus que circulam por toda a Am\u00e9rica Central \u00e9 a costarriquenha, \u201cTica bus\u201d.<br \/>Esse \u201cTi\u201d pronuncia-se como os nossos TA, TE, TO, TU. O TI seria pronunciado como falam, por exemplo, os pernambucanos (a maioria dos Estados brasileiros pronuncia o TI, como \u201ctchi\u201d, pelo meu modesto conhecimento de sotaques).<br \/>Se voc\u00ea pronunciar \u201ctchica bus\u201d estar\u00e1 falando \u201cRapaz bus\u201d (do espanhol \u201cCHico\u201d).<\/p>\n\n\n\n<p class=\"wp-block-paragraph\">OBS: Serve de regrinha b\u00e1sica da pron\u00fancia em espanhol, assim como a letra J tem som de R (ou RR). Exemplo: \u201cRam\u00f3n quiere un sandwich de jam\u00f3n y queso\u201d (Ram\u00f3n quer um sandu\u00edche de presunto e queijo \u2013 O indiv\u00edduo Ram\u00f3n, tipo narra\u00e7\u00e3o do Galv\u00e3o Bueno quer &#8230; jam\u00f3n&#8230; &#8211; &nbsp;com som de RR de carro, carreta).<\/p>\n\n\n\n<p class=\"wp-block-paragraph\">Passeando pelo pa\u00eds, voc\u00ea provavelmente se deparar\u00e1 com um artesanato muito peculiar: um <span style=\"text-decoration: underline;\">carro de boi (ou a roda dele)<\/span> minuciosamente pintado. Ele \u00e9 o artesanato mais famoso da Costa Rica e Patrim\u00f4nio Cultural Imaterial da Humanidade (UNESCO).<br \/>A tradi\u00e7\u00e3o de pintar e enfeitar os carros de boi teve in\u00edcio no come\u00e7o do s\u00e9culo XX, mas desde o s\u00e9culo XIX esses ve\u00edculos serviam para transportar o caf\u00e9 da regi\u00e3o central do pa\u00eds at\u00e9 o Oceano Pac\u00edfico e, geralmente eram o \u00fanico meio de transporte de muitas fam\u00edlias tamb\u00e9m apontando o status social da mesma.<br \/>Originalmente cada regi\u00e3o do pa\u00eds tinha nos carros suas pr\u00f3prias pinturas e enfeites, o que permitia saber de onde ele vinha.<\/p>\n\n\n\n<p class=\"wp-block-paragraph\">Nos dias 24 de agosto (desde 1982) o pa\u00eds comemora o <span style=\"text-decoration: underline;\">Dia dos Parques Nacionais<\/span>.<br \/>Na prov\u00edncia Lim\u00f3n, o <span style=\"text-decoration: underline;\">Carnaval<\/span> \u00e9 celebrado <span style=\"text-decoration: underline;\">em outubro<\/span>.<br \/>Algumas moedas (metal e papel) e selos postais trazem a imagem de uma orqu\u00eddea (Guaria Morada) que desde 1939 \u00e9 a <span style=\"text-decoration: underline;\">flor s\u00edmbolo<\/span> da Costa Rica.<\/p>\n\n\n\n<p class=\"wp-block-paragraph\">Se voc\u00ea gosta e ou pratica Surf, no Google Maps voc\u00ea contra <a href=\"https:\/\/maps.google.com\/maps\/ms?ie=UTF8&amp;hl=en&amp;msa=0&amp;msid=105312453629093194285.000468cf043cbd0e18d90&amp;ll=9.654908,-84.034424&amp;spn=5.424133,6.591797&amp;z=7&amp;source=embed\" target=\"_blank\" rel=\"noopener\">as melhores praias para pr\u00e1tica na Costa Rica<\/a><\/p>\n\n\n\n<p class=\"wp-block-paragraph\">Em 2012 o \u00edndice \u201cHappy Planet\u201d da funda\u00e7\u00e3o inglesa New Economics classificou a <span style=\"text-decoration: underline;\">Costa Rica como o pa\u00eds \u201cmais feliz do mundo\u201d<\/span>. O ranking combina longevidade, felicidade e baixa degrada\u00e7\u00e3o ambiental. (Mais no &nbsp;<a href=\"https:\/\/pt.wikipedia.org\/wiki\/Happy_Planet_Index\" target=\"_blank\" rel=\"noopener\">https:\/\/pt.wikipedia.org\/wiki\/Happy_Planet_Index<\/a>&nbsp;).<\/p>\n\n\n\n<h2 class=\"wp-block-heading\"><span class=\"ez-toc-section\" id=\"Fotos_da_Costa_Rica\"><\/span>Fotos da Costa Rica:<span class=\"ez-toc-section-end\"><\/span><\/h2>\n\n\n\n<p class=\"wp-block-paragraph\">[justified_image_grid preset=1 link_title_field=caption img_alt_field=title]<\/p>\n","protected":false},"excerpt":{"rendered":"<p>Viajantes brasileiros t\u00eam fama de exigentes. Sim! Afinal , temos&nbsp; mais de 8.500.000Km\u00b2 de lindas praias, montanhas, Amaz\u00f4nia, Pantanal,&nbsp; incont\u00e1veis cachoeiras etc,&nbsp; tudo, s\u00f3 esperando por nossa mochilada. E se algu\u00e9m lhe disser que um lugar com pouco mais de&nbsp; 51.000 Km\u00b2 tem um pouquinho de quase tudo isso? Tudo b-e-m mais pertinho! Voc\u00ea iria? [&hellip;]<\/p>\n","protected":false},"author":2,"featured_media":3090,"comment_status":"open","ping_status":"closed","sticky":false,"template":"","format":"standard","meta":{"googlesitekit_rrm_CAoiELM5mIOjYRN0nfylq3_9r-8:productID":"","_crdt_document":"","_daim_seo_power":"","_daim_enable_ail":"","footnotes":""},"categories":[1187],"tags":[125,2567,2566],"class_list":["post-70","post","type-post","status-publish","format-standard","has-post-thumbnail","hentry","category-america-central","tag-costa-rica","tag-parque-nacional-poas","tag-reserva-biologica-bosque-nuboso-monteverde"],"_links":{"self":[{"href":"https:\/\/www.mochileiros.com\/blog\/wp-json\/wp\/v2\/posts\/70","targetHints":{"allow":["GET"]}}],"collection":[{"href":"https:\/\/www.mochileiros.com\/blog\/wp-json\/wp\/v2\/posts"}],"about":[{"href":"https:\/\/www.mochileiros.com\/blog\/wp-json\/wp\/v2\/types\/post"}],"author":[{"embeddable":true,"href":"https:\/\/www.mochileiros.com\/blog\/wp-json\/wp\/v2\/users\/2"}],"replies":[{"embeddable":true,"href":"https:\/\/www.mochileiros.com\/blog\/wp-json\/wp\/v2\/comments?post=70"}],"version-history":[{"count":0,"href":"https:\/\/www.mochileiros.com\/blog\/wp-json\/wp\/v2\/posts\/70\/revisions"}],"wp:featuredmedia":[{"embeddable":true,"href":"https:\/\/www.mochileiros.com\/blog\/wp-json\/wp\/v2\/media\/3090"}],"wp:attachment":[{"href":"https:\/\/www.mochileiros.com\/blog\/wp-json\/wp\/v2\/media?parent=70"}],"wp:term":[{"taxonomy":"category","embeddable":true,"href":"https:\/\/www.mochileiros.com\/blog\/wp-json\/wp\/v2\/categories?post=70"},{"taxonomy":"post_tag","embeddable":true,"href":"https:\/\/www.mochileiros.com\/blog\/wp-json\/wp\/v2\/tags?post=70"}],"curies":[{"name":"wp","href":"https:\/\/api.w.org\/{rel}","templated":true}]}}