{"id":75315,"date":"2026-04-02T12:01:21","date_gmt":"2026-04-02T15:01:21","guid":{"rendered":"https:\/\/www.mochileiros.com\/blog\/?p=75315"},"modified":"2026-04-02T12:01:23","modified_gmt":"2026-04-02T15:01:23","slug":"mochila-cargueira","status":"publish","type":"post","link":"https:\/\/www.mochileiros.com\/blog\/mochila-cargueira","title":{"rendered":"Mochila cargueira: guia completo para escolher o modelo ideal (2026)"},"content":{"rendered":"\n<p class=\"wp-block-paragraph\"><strong>Mochila cargueira:<\/strong> o que \u00e9, para que serve, como escolher, quais litragens e modelos valem a pena; tudo explicado de forma pr\u00e1tica para quem viaja ou faz trilhas. <br \/>Se voc\u00ea est\u00e1 procurando <strong>uma boa mochila cargueira para comprar<\/strong>, este guia te ajuda a decidir sem complica\u00e7\u00e3o.<\/p>\n\n\n\n<div id=\"ez-toc-container\" class=\"ez-toc-v2_0_82_2 counter-hierarchy ez-toc-counter ez-toc-grey ez-toc-container-direction\">\n<div class=\"ez-toc-title-container\">\n<p class=\"ez-toc-title\" style=\"cursor:inherit\">\u00cdndice<\/p>\n<span class=\"ez-toc-title-toggle\"><a href=\"#\" class=\"ez-toc-pull-right ez-toc-btn ez-toc-btn-xs ez-toc-btn-default ez-toc-toggle\" aria-label=\"Alternar tabela de conte\u00fado\"><span class=\"ez-toc-js-icon-con\"><span class=\"\"><span class=\"eztoc-hide\" style=\"display:none;\">Toggle<\/span><span class=\"ez-toc-icon-toggle-span\"><svg style=\"fill: #999;color:#999\" xmlns=\"http:\/\/www.w3.org\/2000\/svg\" class=\"list-377408\" width=\"20px\" height=\"20px\" viewBox=\"0 0 24 24\" fill=\"none\"><path d=\"M6 6H4v2h2V6zm14 0H8v2h12V6zM4 11h2v2H4v-2zm16 0H8v2h12v-2zM4 16h2v2H4v-2zm16 0H8v2h12v-2z\" fill=\"currentColor\"><\/path><\/svg><svg style=\"fill: #999;color:#999\" class=\"arrow-unsorted-368013\" xmlns=\"http:\/\/www.w3.org\/2000\/svg\" width=\"10px\" height=\"10px\" viewBox=\"0 0 24 24\" version=\"1.2\" baseProfile=\"tiny\"><path d=\"M18.2 9.3l-6.2-6.3-6.2 6.3c-.2.2-.3.4-.3.7s.1.5.3.7c.2.2.4.3.7.3h11c.3 0 .5-.1.7-.3.2-.2.3-.5.3-.7s-.1-.5-.3-.7zM5.8 14.7l6.2 6.3 6.2-6.3c.2-.2.3-.5.3-.7s-.1-.5-.3-.7c-.2-.2-.4-.3-.7-.3h-11c-.3 0-.5.1-.7.3-.2.2-.3.5-.3.7s.1.5.3.7z\"\/><\/svg><\/span><\/span><\/span><\/a><\/span><\/div>\n<nav><ul class='ez-toc-list ez-toc-list-level-1 ' ><li class='ez-toc-page-1 ez-toc-heading-level-2'><a class=\"ez-toc-link ez-toc-heading-1\" href=\"https:\/\/www.mochileiros.com\/blog\/mochila-cargueira\/#O_que_e_uma_mochila_cargueira\" >O que \u00e9 uma mochila cargueira?<\/a><\/li><li class='ez-toc-page-1 ez-toc-heading-level-2'><a class=\"ez-toc-link ez-toc-heading-2\" href=\"https:\/\/www.mochileiros.com\/blog\/mochila-cargueira\/#Para_quem_a_mochila_cargueira_e_indicada\" >Para quem a mochila cargueira \u00e9 indicada?<\/a><\/li><li class='ez-toc-page-1 ez-toc-heading-level-2'><a class=\"ez-toc-link ez-toc-heading-3\" href=\"https:\/\/www.mochileiros.com\/blog\/mochila-cargueira\/#Qual_mochila_cargueira_escolher_para_viajar_para_mochilao_e_para_trilha\" >Qual mochila cargueira escolher para viajar, para mochil\u00e3o e para trilha?<\/a><\/li><li class='ez-toc-page-1 ez-toc-heading-level-2'><a class=\"ez-toc-link ez-toc-heading-4\" href=\"https:\/\/www.mochileiros.com\/blog\/mochila-cargueira\/#Para_viajar_aviao_onibus_cidades\" >Para viajar (avi\u00e3o, \u00f4nibus, cidades)<\/a><\/li><li class='ez-toc-page-1 ez-toc-heading-level-2'><a class=\"ez-toc-link ez-toc-heading-5\" href=\"https:\/\/www.mochileiros.com\/blog\/mochila-cargueira\/#Para_mochilao_viagem_longa_varios_deslocamentos\" >Para mochil\u00e3o (viagem longa, v\u00e1rios deslocamentos)<\/a><ul class='ez-toc-list-level-3' ><li class='ez-toc-heading-level-3'><a class=\"ez-toc-link ez-toc-heading-6\" href=\"https:\/\/www.mochileiros.com\/blog\/mochila-cargueira\/#Deuter_Mochila_Cargueira_Alpamayo_SL_5010_Litros\" >Deuter, Mochila Cargueira Alpamayo SL 50+10 Litros<\/a><\/li><li class='ez-toc-page-1 ez-toc-heading-level-3'><a class=\"ez-toc-link ez-toc-heading-7\" href=\"https:\/\/www.mochileiros.com\/blog\/mochila-cargueira\/#Mochila_Cargueira_CURTLO_Hiker_5010L\" >Mochila Cargueira CURTLO Hiker 50+10L<\/a><\/li><li class='ez-toc-page-1 ez-toc-heading-level-3'><a class=\"ez-toc-link ez-toc-heading-8\" href=\"https:\/\/www.mochileiros.com\/blog\/mochila-cargueira\/#Osprey_Rook_65L\" >Osprey Rook 65L<\/a><\/li><\/ul><\/li><li class='ez-toc-page-1 ez-toc-heading-level-2'><a class=\"ez-toc-link ez-toc-heading-9\" href=\"https:\/\/www.mochileiros.com\/blog\/mochila-cargueira\/#Para_trilha_ou_travessia_com_pernoite\" >Para trilha ou travessia com pernoite<\/a><ul class='ez-toc-list-level-3' ><li class='ez-toc-heading-level-3'><a class=\"ez-toc-link ez-toc-heading-10\" href=\"https:\/\/www.mochileiros.com\/blog\/mochila-cargueira\/#Deuter_Mochila_Cargueira_Alpamayo_SL_6010_Litros\" >Deuter, Mochila Cargueira Alpamayo SL 60+10 Litros<\/a><\/li><li class='ez-toc-page-1 ez-toc-heading-level-3'><a class=\"ez-toc-link ez-toc-heading-11\" href=\"https:\/\/www.mochileiros.com\/blog\/mochila-cargueira\/#Deuter_Aircontact_Pro_6510L\" >Deuter Aircontact Pro 65+10L<\/a><\/li><li class='ez-toc-page-1 ez-toc-heading-level-3'><a class=\"ez-toc-link ez-toc-heading-12\" href=\"https:\/\/www.mochileiros.com\/blog\/mochila-cargueira\/#Mochila_Hiker_6010L_Curtlo\" >Mochila Hiker 60+10L Curtlo<\/a><\/li><\/ul><\/li><li class='ez-toc-page-1 ez-toc-heading-level-2'><a class=\"ez-toc-link ez-toc-heading-13\" href=\"https:\/\/www.mochileiros.com\/blog\/mochila-cargueira\/#Como_escolher_uma_mochila_cargueira_o_guia_mais_pratico_que_voce_vai_ler\" >Como escolher uma mochila cargueira: o guia mais pr\u00e1tico que voc\u00ea vai ler<\/a><ul class='ez-toc-list-level-3' ><li class='ez-toc-heading-level-3'><a class=\"ez-toc-link ez-toc-heading-14\" href=\"https:\/\/www.mochileiros.com\/blog\/mochila-cargueira\/#Capacidade_litros\" >Capacidade (litros)<\/a><\/li><li class='ez-toc-page-1 ez-toc-heading-level-3'><a class=\"ez-toc-link ez-toc-heading-15\" href=\"https:\/\/www.mochileiros.com\/blog\/mochila-cargueira\/#Ajuste_do_costado_altura_das_costas\" >Ajuste do costado (altura das costas)<\/a><\/li><li class='ez-toc-page-1 ez-toc-heading-level-3'><a class=\"ez-toc-link ez-toc-heading-16\" href=\"https:\/\/www.mochileiros.com\/blog\/mochila-cargueira\/#Barrigueira_cinto_abdominal\" >Barrigueira (cinto abdominal)<\/a><\/li><li class='ez-toc-page-1 ez-toc-heading-level-3'><a class=\"ez-toc-link ez-toc-heading-17\" href=\"https:\/\/www.mochileiros.com\/blog\/mochila-cargueira\/#Abertura_e_acessos\" >Abertura e acessos<\/a><\/li><li class='ez-toc-page-1 ez-toc-heading-level-3'><a class=\"ez-toc-link ez-toc-heading-18\" href=\"https:\/\/www.mochileiros.com\/blog\/mochila-cargueira\/#Materiais_e_resistencia\" >Materiais e resist\u00eancia<\/a><\/li><li class='ez-toc-page-1 ez-toc-heading-level-3'><a class=\"ez-toc-link ez-toc-heading-19\" href=\"https:\/\/www.mochileiros.com\/blog\/mochila-cargueira\/#Impermeabilidade_e_capa_de_chuva\" >Impermeabilidade e capa de chuva<\/a><\/li><li class='ez-toc-page-1 ez-toc-heading-level-3'><a class=\"ez-toc-link ez-toc-heading-20\" href=\"https:\/\/www.mochileiros.com\/blog\/mochila-cargueira\/#Mochilas_femininas\" >Mochilas femininas<\/a><\/li><\/ul><\/li><li class='ez-toc-page-1 ez-toc-heading-level-2'><a class=\"ez-toc-link ez-toc-heading-21\" href=\"https:\/\/www.mochileiros.com\/blog\/mochila-cargueira\/#Como_distribuir_o_peso_dentro_da_mochila_cargueira\" >Como distribuir o peso dentro da mochila cargueira<\/a><\/li><li class='ez-toc-page-1 ez-toc-heading-level-2'><a class=\"ez-toc-link ez-toc-heading-22\" href=\"https:\/\/www.mochileiros.com\/blog\/mochila-cargueira\/#Como_usar_sua_mochila_cargueira_sem_passar_perrengue\" >Como usar sua mochila cargueira sem passar perrengue<\/a><\/li><li class='ez-toc-page-1 ez-toc-heading-level-2'><a class=\"ez-toc-link ez-toc-heading-23\" href=\"https:\/\/www.mochileiros.com\/blog\/mochila-cargueira\/#Como_cuidar_da_sua_mochila_cargueira_guia_rapido\" >Como cuidar da sua mochila cargueira (guia r\u00e1pido)<\/a><\/li><li class='ez-toc-page-1 ez-toc-heading-level-2'><a class=\"ez-toc-link ez-toc-heading-24\" href=\"https:\/\/www.mochileiros.com\/blog\/mochila-cargueira\/#Mochila_cargueira_precisa_despachar_no_aviao\" >Mochila cargueira precisa despachar no avi\u00e3o?<\/a><\/li><li class='ez-toc-page-1 ez-toc-heading-level-2'><a class=\"ez-toc-link ez-toc-heading-25\" href=\"https:\/\/www.mochileiros.com\/blog\/mochila-cargueira\/#E_as_mochilas_cargueiras_com_cadeirinha_para_criancas\" >E as mochilas cargueiras com cadeirinha para crian\u00e7as?<\/a><\/li><li class='ez-toc-page-1 ez-toc-heading-level-2'><a class=\"ez-toc-link ez-toc-heading-26\" href=\"https:\/\/www.mochileiros.com\/blog\/mochila-cargueira\/#FAQ_%E2%80%93_Perguntas_frequentes_sobre_mochila_cargueira\" >FAQ &#8211; Perguntas frequentes sobre mochila cargueira<\/a><ul class='ez-toc-list-level-3' ><li class='ez-toc-heading-level-3'><a class=\"ez-toc-link ez-toc-heading-27\" href=\"https:\/\/www.mochileiros.com\/blog\/mochila-cargueira\/#O_que_e_uma_mochila_cargueira-2\" >O que \u00e9 uma mochila cargueira?<\/a><\/li><li class='ez-toc-page-1 ez-toc-heading-level-3'><a class=\"ez-toc-link ez-toc-heading-28\" href=\"https:\/\/www.mochileiros.com\/blog\/mochila-cargueira\/#Quais_sao_as_melhores_mochilas_cargueiras\" >Quais s\u00e3o as melhores mochilas cargueiras?<\/a><\/li><li class='ez-toc-page-1 ez-toc-heading-level-3'><a class=\"ez-toc-link ez-toc-heading-29\" href=\"https:\/\/www.mochileiros.com\/blog\/mochila-cargueira\/#Qual_mochila_comprar_para_um_mochilao\" >Qual mochila comprar para um mochil\u00e3o?<\/a><\/li><li class='ez-toc-page-1 ez-toc-heading-level-3'><a class=\"ez-toc-link ez-toc-heading-30\" href=\"https:\/\/www.mochileiros.com\/blog\/mochila-cargueira\/#Como_escolher_uma_mochila_cargueira\" >Como escolher uma mochila cargueira?<\/a><\/li><li class='ez-toc-page-1 ez-toc-heading-level-3'><a class=\"ez-toc-link ez-toc-heading-31\" href=\"https:\/\/www.mochileiros.com\/blog\/mochila-cargueira\/#Quantos_litros_deve_ter_uma_mochila_para_15_dias_de_viagem\" >Quantos litros deve ter uma mochila para 15 dias de viagem?<\/a><\/li><li class='ez-toc-page-1 ez-toc-heading-level-3'><a class=\"ez-toc-link ez-toc-heading-32\" href=\"https:\/\/www.mochileiros.com\/blog\/mochila-cargueira\/#Mochila_cargueira_e_ruim_para_as_costas\" >Mochila cargueira \u00e9 ruim para as costas?<\/a><\/li><li class='ez-toc-page-1 ez-toc-heading-level-3'><a class=\"ez-toc-link ez-toc-heading-33\" href=\"https:\/\/www.mochileiros.com\/blog\/mochila-cargueira\/#Mochila_cargueira_serve_para_viagens_urbanas\" >Mochila cargueira serve para viagens urbanas?<\/a><\/li><li class='ez-toc-page-1 ez-toc-heading-level-3'><a class=\"ez-toc-link ez-toc-heading-34\" href=\"https:\/\/www.mochileiros.com\/blog\/mochila-cargueira\/#Mochila_cargueira_precisa_despachar\" >Mochila cargueira precisa despachar?<\/a><\/li><li class='ez-toc-page-1 ez-toc-heading-level-3'><a class=\"ez-toc-link ez-toc-heading-35\" href=\"https:\/\/www.mochileiros.com\/blog\/mochila-cargueira\/#Qual_mochila_nao_precisa_despachar\" >Qual mochila n\u00e3o precisa despachar?<\/a><\/li><li class='ez-toc-page-1 ez-toc-heading-level-3'><a class=\"ez-toc-link ez-toc-heading-36\" href=\"https:\/\/www.mochileiros.com\/blog\/mochila-cargueira\/#O_que_e_fechamento_rolltop_de_uma_mochila\" >O que \u00e9 fechamento rolltop de uma mochila?<\/a><\/li><li class='ez-toc-page-1 ez-toc-heading-level-3'><a class=\"ez-toc-link ez-toc-heading-37\" href=\"https:\/\/www.mochileiros.com\/blog\/mochila-cargueira\/#O_que_e_mochila_de_ataque\" >O que \u00e9 mochila de ataque?<\/a><\/li><\/ul><\/li><\/ul><\/nav><\/div>\n<h2 class=\"wp-block-heading\"><span class=\"ez-toc-section\" id=\"O_que_e_uma_mochila_cargueira\"><\/span>O que \u00e9 uma mochila cargueira?<span class=\"ez-toc-section-end\"><\/span><\/h2>\n\n\n\n<p class=\"wp-block-paragraph\">Uma cargueira \u00e9 uma <strong>mochila grande, estruturada<\/strong>, pensada para carregar peso com conforto por horas (ou at\u00e9 dias!). Ela geralmente oferece:<\/p>\n\n\n\n<ul class=\"wp-block-list\">\n<li><strong>50 a 80 litros<\/strong> de capacidade;<\/li>\n\n\n\n<li><strong>cinto abdominal acolchoado<\/strong>, que transfere o peso dos ombros para o quadril;<\/li>\n\n\n\n<li><strong>ajuste de altura do costado<\/strong>, adaptando ao tamanho do tronco;<\/li>\n\n\n\n<li><strong>m\u00faltiplos bolsos<\/strong>, barrigueiras, fitas e pontos de fixa\u00e7\u00e3o;<\/li>\n\n\n\n<li><strong>tecidos resistentes<\/strong>, muitas vezes com capa de chuva embutida.<\/li>\n<\/ul>\n\n\n\n<p class=\"wp-block-paragraph\">Serve para mochil\u00f5es prolongados, travessias, viagens longas e para qualquer viajante que prefere praticidade em vez de malas com rodinhas.<\/p>\n\n\n\n<h2 class=\"wp-block-heading\"><span class=\"ez-toc-section\" id=\"Para_quem_a_mochila_cargueira_e_indicada\"><\/span>Para quem a mochila cargueira \u00e9 indicada?<span class=\"ez-toc-section-end\"><\/span><\/h2>\n\n\n\n<ul class=\"wp-block-list\">\n<li>Quem far\u00e1 <strong>mochil\u00e3o<\/strong> no Brasil ou exterior.<\/li>\n\n\n\n<li>Quem viaja de \u00f4nibus ou avi\u00e3o com muitos deslocamentos.<\/li>\n\n\n\n<li>Quem faz <strong>trilhas ou travessias com pernoite<\/strong>.<\/li>\n\n\n\n<li>Quem circula em cidades com paralelep\u00edpedo, ladeiras, escadas ou transporte p\u00fablico.<\/li>\n\n\n\n<li>Viajantes que alternam entre hostel, camping, pousadas e casas de amigos\/parentes.<\/li>\n<\/ul>\n\n\n\n<p class=\"wp-block-paragraph\"><strong>Importante:<\/strong> para trilhas curtas e passeios de um dia, o ideal \u00e9 usar uma <strong><a href=\"https:\/\/www.mochileiros.com\/blog\/mochila-de-ataque\">mochila de ataque<\/a><\/strong>, temos um guia s\u00f3 sobre isso.<\/p>\n\n\n\n<p class=\"wp-block-paragraph\">Se voc\u00ea planeja um mochil\u00e3o com v\u00e1rios deslocamentos, a cargueira faz total sentido.<\/p>\n\n\n\n<figure class=\"wp-block-image size-full\"><img loading=\"lazy\" decoding=\"async\" width=\"480\" height=\"270\" src=\"https:\/\/www.mochileiros.com\/blog\/wp-content\/uploads\/2025\/12\/mochilamelhorescolha.gif\" alt=\"\" class=\"wp-image-75365\"><\/figure>\n\n\n\n<h2 class=\"wp-block-heading\"><span class=\"ez-toc-section\" id=\"Qual_mochila_cargueira_escolher_para_viajar_para_mochilao_e_para_trilha\"><\/span>Qual mochila cargueira escolher para viajar, para mochil\u00e3o e para trilha?<span class=\"ez-toc-section-end\"><\/span><\/h2>\n\n\n\n<p class=\"wp-block-paragraph\">Nem toda mochila cargueira serve para todo tipo de viagem. Aqui est\u00e3o as diferen\u00e7as b\u00e1sicas de forma simples e objetiva:<\/p>\n\n\n\n<h2 class=\"wp-block-heading\"><span class=\"ez-toc-section\" id=\"Para_viajar_aviao_onibus_cidades\"><\/span>Para viajar (avi\u00e3o, \u00f4nibus, cidades)<span class=\"ez-toc-section-end\"><\/span><\/h2>\n\n\n\n<p class=\"wp-block-paragraph\"><strong>Litros:<\/strong> 40\u201355 L<br \/><strong>Abertura:<\/strong> frontal (tipo mala)<br \/><strong>Foco:<\/strong> mobilidade + organiza\u00e7\u00e3o<br \/><strong>Perfil:<\/strong> quem viaja leve, dorme em hostel, alterna metr\u00f4, escadas e deslocamentos urbanos.<\/p>\n\n\n\n<p class=\"wp-block-paragraph\">As melhores op\u00e7\u00f5es est\u00e3o no nosso artigo: <a href=\"https:\/\/www.mochileiros.com\/blog\/mochilas-bagagem-de-mao\">mochilas para viajar de avi\u00e3o s\u00f3 com a bagagem de m\u00e3o<\/a>.<\/p>\n\n\n\n<h2 class=\"wp-block-heading\"><span class=\"ez-toc-section\" id=\"Para_mochilao_viagem_longa_varios_deslocamentos\"><\/span>Para mochil\u00e3o (viagem longa, v\u00e1rios deslocamentos)<span class=\"ez-toc-section-end\"><\/span><\/h2>\n\n\n\n<p class=\"wp-block-paragraph\"><strong>Litros:<\/strong> 55\u201365 L<br \/><strong>Abertura:<\/strong> frontal + superior<br \/><strong>Foco:<\/strong> conforto + resist\u00eancia<br \/><strong>Perfil:<\/strong> mochil\u00e3o pela Am\u00e9rica do Sul, Europa, Sudeste Asi\u00e1tico, por exemplo.<\/p>\n\n\n\n<h3 class=\"wp-block-heading\"><span class=\"ez-toc-section\" id=\"Deuter_Mochila_Cargueira_Alpamayo_SL_5010_Litros\"><\/span><a href=\"https:\/\/amzn.to\/4peLhk9\" target=\"_blank\" rel=\"noopener\">Deuter, Mochila Cargueira Alpamayo SL 50+10 Litros<\/a><span class=\"ez-toc-section-end\"><\/span><\/h3>\n\n\n\n<p class=\"wp-block-paragraph\">De acordo com a Deuter, essa mochila permite regular a altura do costado, tem sistema de ventila\u00e7\u00e3o do costado, ajuste f\u00e1cil da barrigueira e abertura frontal com z\u00edper. \u00c9 feita em Nylon 100D Ripstop.<\/p>\n\n\n\n<figure class=\"wp-block-image size-full\"><a href=\"https:\/\/amzn.to\/4peLhk9\" target=\"_blank\" rel=\"noopener\"><img loading=\"lazy\" decoding=\"async\" width=\"841\" height=\"971\" src=\"https:\/\/www.mochileiros.com\/blog\/wp-content\/uploads\/2025\/12\/mochila-cargueira_deuteralpamayo-2.jpg\" alt=\"\" class=\"wp-image-75412\" srcset=\"https:\/\/www.mochileiros.com\/blog\/wp-content\/uploads\/2025\/12\/mochila-cargueira_deuteralpamayo-2.jpg 841w, https:\/\/www.mochileiros.com\/blog\/wp-content\/uploads\/2025\/12\/mochila-cargueira_deuteralpamayo-2-260x300.jpg 260w, https:\/\/www.mochileiros.com\/blog\/wp-content\/uploads\/2025\/12\/mochila-cargueira_deuteralpamayo-2-768x887.jpg 768w\" sizes=\"auto, (max-width: 841px) 100vw, 841px\" \/><\/a><figcaption class=\"wp-element-caption\"><em>Foto: Divulga\u00e7\u00e3o\/Amazon.com.br<\/em><\/figcaption><\/figure>\n\n\n\n<h3 class=\"wp-block-heading\"><span class=\"ez-toc-section\" id=\"Mochila_Cargueira_CURTLO_Hiker_5010L\"><\/span><a href=\"https:\/\/amzn.to\/4arHCLe\" target=\"_blank\" rel=\"noopener\">Mochila Cargueira CURTLO Hiker 50+10L<\/a><span class=\"ez-toc-section-end\"><\/span><\/h3>\n\n\n\n<p class=\"wp-block-paragraph\">Este modelo da Curtlo tem acessos superior, lateral e inferior com acesso a divis\u00f3ria interna. Bolsos destac\u00e1veis na barrigueira. Compartimento interno para reservat\u00f3rio de \u00e1gua (de 2 ou 3 litros) com sa\u00edda do tubo pela parte traseira.<br \/>Segundo o fabricante, \u00e9 feita com tecidos que a tornam resistente \u00e0 abras\u00e3o, rasgo e \u00e0 \u00e1gua.<\/p>\n\n\n\n<figure class=\"wp-block-image size-full\"><a href=\"https:\/\/amzn.to\/4arHCLe\" target=\"_blank\" rel=\"noopener\"><img loading=\"lazy\" decoding=\"async\" width=\"557\" height=\"906\" src=\"https:\/\/www.mochileiros.com\/blog\/wp-content\/uploads\/2025\/12\/mochila-cargueira_curtlo60L.jpg\" alt=\"\" class=\"wp-image-75416\" srcset=\"https:\/\/www.mochileiros.com\/blog\/wp-content\/uploads\/2025\/12\/mochila-cargueira_curtlo60L.jpg 557w, https:\/\/www.mochileiros.com\/blog\/wp-content\/uploads\/2025\/12\/mochila-cargueira_curtlo60L-184x300.jpg 184w\" sizes=\"auto, (max-width: 557px) 100vw, 557px\" \/><\/a><figcaption class=\"wp-element-caption\"><em>Foto: Divulga\u00e7\u00e3o\/Amazon.com.br<\/em><\/figcaption><\/figure>\n\n\n\n<h3 class=\"wp-block-heading\"><span class=\"ez-toc-section\" id=\"Osprey_Rook_65L\"><\/span><a href=\"https:\/\/amzn.to\/3Mfxr2r\" target=\"_blank\" rel=\"noopener\">Osprey Rook 65L<\/a><span class=\"ez-toc-section-end\"><\/span><\/h3>\n\n\n\n<p class=\"wp-block-paragraph\">Segundo o fabricante, neste modelo masculino, &#8220;o painel traseiro tensionado \u00e9 ajust\u00e1vel para uma variedade de comprimentos de tronco e oferece ventila\u00e7\u00e3o para reduzir a transpira\u00e7\u00e3o.&#8221; Possui capa de chuva integrada e remov\u00edvel, al\u00e9m de um sistema de arma\u00e7\u00e3o que transfere cargas para a barrigueira, &#8220;tirando a press\u00e3o dos ombros&#8221;.<\/p>\n\n\n\n<p class=\"wp-block-paragraph\"><strong>Para mulheres:<\/strong> uma op\u00e7\u00e3o similar tamb\u00e9m da Osprey e com capacidade de 65L \u00e9 a <a href=\"https:\/\/amzn.to\/48LRzBY\" target=\"_blank\" rel=\"noopener\">Renn<\/a>.<br \/>Se voc\u00ea procura op\u00e7\u00f5es de <a href=\"https:\/\/www.mochileiros.com\/blog\/mochila-cargueira-feminina\">mochila cargueira feminina<\/a>, n\u00e3o deixe de conferir nosso artigo sobre.<\/p>\n\n\n\n<figure class=\"wp-block-image size-full\"><a href=\"https:\/\/amzn.to\/3Mfxr2r\" target=\"_blank\" rel=\"noopener\"><img loading=\"lazy\" decoding=\"async\" width=\"380\" height=\"606\" src=\"https:\/\/www.mochileiros.com\/blog\/wp-content\/uploads\/2025\/12\/mochila-cargueira_ospreyrook65L.jpg\" alt=\"\" class=\"wp-image-75417\" srcset=\"https:\/\/www.mochileiros.com\/blog\/wp-content\/uploads\/2025\/12\/mochila-cargueira_ospreyrook65L.jpg 380w, https:\/\/www.mochileiros.com\/blog\/wp-content\/uploads\/2025\/12\/mochila-cargueira_ospreyrook65L-188x300.jpg 188w\" sizes=\"auto, (max-width: 380px) 100vw, 380px\" \/><\/a><figcaption class=\"wp-element-caption\"><em>Este modelo da Osprey est\u00e1 dispon\u00edvel na Amazon.com.br, mas \u00e9 uma compra internacional (pre\u00e7o que aparece j\u00e1 inclui os tributos, segundo a plataforma) | Foto: Divulga\u00e7\u00e3o\/Amazon.<\/em><\/figcaption><\/figure>\n\n\n\n<p class=\"wp-block-paragraph\"><strong>\ud83d\udd0d Voc\u00ea pode conhecer outros modelos (de diferentes marcas) de <a href=\"https:\/\/amzn.to\/3Kz8X3w\" target=\"_blank\" rel=\"noopener\">mochilas cargueiras de at\u00e9 60L<\/a>, comparar pre\u00e7os e ler avalia\u00e7\u00f5es de quem comprou, na Amazon.com.br.<\/strong><\/p>\n\n\n\n<p class=\"wp-block-paragraph\"><\/p>\n\n\n\n<h2 class=\"wp-block-heading\"><span class=\"ez-toc-section\" id=\"Para_trilha_ou_travessia_com_pernoite\"><\/span>Para trilha ou travessia com pernoite<span class=\"ez-toc-section-end\"><\/span><\/h2>\n\n\n\n<p class=\"wp-block-paragraph\"><strong>Litros:<\/strong> 50\u201370 L<br \/><strong>Abertura:<\/strong> superior<br \/><strong>Foco:<\/strong> suporte de peso + estrutura t\u00e9cnica<br \/><strong>Perfil:<\/strong> trekking Patag\u00f4nia, travessias na serra, trekkings nos Andes.<\/p>\n\n\n\n<h3 class=\"wp-block-heading\"><span class=\"ez-toc-section\" id=\"Deuter_Mochila_Cargueira_Alpamayo_SL_6010_Litros\"><\/span><a href=\"https:\/\/amzn.to\/44AbH7E\" target=\"_blank\" rel=\"noopener\">Deuter, Mochila Cargueira Alpamayo SL 60+10 Litros<\/a><span class=\"ez-toc-section-end\"><\/span><\/h3>\n\n\n\n<p class=\"wp-block-paragraph\">Feita em Nylon 100D Ripstop, tem capacidade expans\u00edvel at\u00e9 75L (tampa telesc\u00f3pica). Possui sistema de ajuste do costado, acesso frontal com z\u00edper, bolso na barrigueira; &#8220;sendo ideal para trilhas longas e expedi\u00e7\u00f5es, com suporte para bast\u00f5es, piolet e porta capacete (opcional).&#8221;, de acordo com o fabricante.<\/p>\n\n\n\n<figure class=\"wp-block-image size-full\"><a href=\"https:\/\/amzn.to\/44AbH7E\" target=\"_blank\" rel=\"noopener\"><img loading=\"lazy\" decoding=\"async\" width=\"709\" height=\"981\" src=\"https:\/\/www.mochileiros.com\/blog\/wp-content\/uploads\/2025\/12\/mochila-cargueira_deuteralpamayo70L.jpg\" alt=\"\" class=\"wp-image-75413\" srcset=\"https:\/\/www.mochileiros.com\/blog\/wp-content\/uploads\/2025\/12\/mochila-cargueira_deuteralpamayo70L.jpg 709w, https:\/\/www.mochileiros.com\/blog\/wp-content\/uploads\/2025\/12\/mochila-cargueira_deuteralpamayo70L-217x300.jpg 217w\" sizes=\"auto, (max-width: 709px) 100vw, 709px\" \/><\/a><figcaption class=\"wp-element-caption\"><em>Foto: Divulga\u00e7\u00e3o\/Amazon.com.br<\/em><\/figcaption><\/figure>\n\n\n\n<h3 class=\"wp-block-heading\"><span class=\"ez-toc-section\" id=\"Deuter_Aircontact_Pro_6510L\"><\/span><a href=\"https:\/\/amzn.to\/44qNsJh\" target=\"_blank\" rel=\"noopener\">Deuter Aircontact Pro 65+10L<\/a><span class=\"ez-toc-section-end\"><\/span><\/h3>\n\n\n\n<p class=\"wp-block-paragraph\">Essa cargueira de 65L expans\u00edvel para 75L \u00e9 feita em poliamida 200D Ripstop e 500D texturizada. Possui tampa remov\u00edvel que vira bolsa e bolsos expans\u00edveis.<br \/>Tem compartimento inferior separado, costado ajust\u00e1vel, suporte para bast\u00e3o de caminhada e capa de chuva inclusa.<\/p>\n\n\n\n<figure class=\"wp-block-image size-large\"><a href=\"https:\/\/amzn.to\/44qNsJh\" target=\"_blank\" rel=\"noopener\"><img loading=\"lazy\" decoding=\"async\" width=\"802\" height=\"1024\" src=\"https:\/\/www.mochileiros.com\/blog\/wp-content\/uploads\/2025\/12\/mochila-cargueira_deuterAircontactPro60_15_75L-802x1024.jpg\" alt=\"\" class=\"wp-image-75426\" srcset=\"https:\/\/www.mochileiros.com\/blog\/wp-content\/uploads\/2025\/12\/mochila-cargueira_deuterAircontactPro60_15_75L-802x1024.jpg 802w, https:\/\/www.mochileiros.com\/blog\/wp-content\/uploads\/2025\/12\/mochila-cargueira_deuterAircontactPro60_15_75L-235x300.jpg 235w, https:\/\/www.mochileiros.com\/blog\/wp-content\/uploads\/2025\/12\/mochila-cargueira_deuterAircontactPro60_15_75L-768x980.jpg 768w, https:\/\/www.mochileiros.com\/blog\/wp-content\/uploads\/2025\/12\/mochila-cargueira_deuterAircontactPro60_15_75L.jpg 916w\" sizes=\"auto, (max-width: 802px) 100vw, 802px\" \/><\/a><figcaption class=\"wp-element-caption\"><em>Foto: Divulga\u00e7\u00e3o\/Amazon.com.br<\/em><\/figcaption><\/figure>\n\n\n\n<h3 class=\"wp-block-heading\"><span class=\"ez-toc-section\" id=\"Mochila_Hiker_6010L_Curtlo\"><\/span><a href=\"https:\/\/amzn.to\/3Mdflhw\" target=\"_blank\" rel=\"noopener\">Mochila Hiker 60+10L Curtlo<\/a><span class=\"ez-toc-section-end\"><\/span><\/h3>\n\n\n\n<p class=\"wp-block-paragraph\">De acordo com o fabricante, essa cargueira \u00e9 feita com tecidos resistentes \u00e0 abras\u00e3o e ao rasgo, com tratamento hidrorrepelente. Costado ajust\u00e1vel, al\u00e7as e barrigueiras anat\u00f4micas e acolchoadas.<br \/>Possui acessos superior (com fechamento rooltop), lateral com z\u00edper e inferior com acesso a divis\u00f3ria interna, al\u00e9m de dois porta-bast\u00f5es na parte frontal e compartimento interno para reservat\u00f3rio de \u00e1gua (2 ou 3L) com sa\u00edda do tubo pela parte traseira.<\/p>\n\n\n\n<figure class=\"wp-block-image size-full\"><a href=\"https:\/\/amzn.to\/3Mdflhw\" target=\"_blank\" rel=\"noopener\"><img loading=\"lazy\" decoding=\"async\" width=\"604\" height=\"932\" src=\"https:\/\/www.mochileiros.com\/blog\/wp-content\/uploads\/2025\/12\/mochila-cargueira_curtlohikker_60_10L.jpg\" alt=\"\" class=\"wp-image-75427\" srcset=\"https:\/\/www.mochileiros.com\/blog\/wp-content\/uploads\/2025\/12\/mochila-cargueira_curtlohikker_60_10L.jpg 604w, https:\/\/www.mochileiros.com\/blog\/wp-content\/uploads\/2025\/12\/mochila-cargueira_curtlohikker_60_10L-194x300.jpg 194w\" sizes=\"auto, (max-width: 604px) 100vw, 604px\" \/><\/a><figcaption class=\"wp-element-caption\"><em>Foto: Divulga\u00e7\u00e3o\/Amazon.com.br<\/em><\/figcaption><\/figure>\n\n\n\n<p class=\"wp-block-paragraph\"><strong>\ud83d\udd0d Voc\u00ea pode conhecer outros modelos (de diferentes marcas) de <a href=\"https:\/\/amzn.to\/4ixuyGp\" target=\"_blank\" rel=\"noopener\">mochilas cargueiras de 70L ou mais<\/a>, comparar pre\u00e7os e ler avalia\u00e7\u00f5es de quem comprou, na Amazon.com.br.<\/strong><\/p>\n\n\n\n<p class=\"wp-block-paragraph\">\u2728 Se voc\u00ea quer uma \u00fanica mochila que funcione para a maioria das viagens (do mochil\u00e3o \u00e0s trilhas com uma noite de acampamento) vale apostar numa op\u00e7\u00e3o \u201cmeio termo vers\u00e1til\u201d: uma cargueira de 55\u201365 litros, com abertura superior + acesso frontal tipo mala, costado ajust\u00e1vel e boa barrigueira.<\/p>\n\n\n\n<p class=\"wp-block-paragraph\">Ela \u00e9 confort\u00e1vel para mochil\u00e3o longo, pr\u00e1tica em viagens de avi\u00e3o\/\u00f4nibus com hostel e encara trilhas ou travessias com pernoite (desde que n\u00e3o sejam trekkings ultra t\u00e9cnicos). A \u00fanica ressalva \u00e9 que ela n\u00e3o ser\u00e1 t\u00e3o minimalista quanto uma mochila urbana, mas, para grande parte dos viajantes, \u00e9 a escolha mais equilibrada.<\/p>\n\n\n\n<h2 class=\"wp-block-heading\"><span class=\"ez-toc-section\" id=\"Como_escolher_uma_mochila_cargueira_o_guia_mais_pratico_que_voce_vai_ler\"><\/span>Como escolher uma mochila cargueira: o guia mais pr\u00e1tico que voc\u00ea vai ler<span class=\"ez-toc-section-end\"><\/span><\/h2>\n\n\n\n<h3 class=\"wp-block-heading\"><span class=\"ez-toc-section\" id=\"Capacidade_litros\"><\/span>Capacidade (litros)<span class=\"ez-toc-section-end\"><\/span><\/h3>\n\n\n\n<p class=\"wp-block-paragraph\">Regra pr\u00e1tica:<\/p>\n\n\n\n<ul class=\"wp-block-list\">\n<li><strong>40\u201350 L:<\/strong> viagens curtas ou minimalistas.<\/li>\n\n\n\n<li><strong>55\u201365 L:<\/strong> mochil\u00e3o padr\u00e3o e viagens internacionais.<\/li>\n\n\n\n<li><strong>70\u201380 L:<\/strong> quem leva equipamento de camping, inverno pesado ou n\u00e3o \u00e9 dos viajantes mais minimalistas.<\/li>\n<\/ul>\n\n\n\n<p class=\"wp-block-paragraph\"><strong>Mais litros = mais espa\u00e7o, mas tamb\u00e9m mais peso.<\/strong><\/p>\n\n\n\n<h3 class=\"wp-block-heading\"><span class=\"ez-toc-section\" id=\"Ajuste_do_costado_altura_das_costas\"><\/span>Ajuste do costado (altura das costas)<span class=\"ez-toc-section-end\"><\/span><\/h3>\n\n\n\n<p class=\"wp-block-paragraph\">Esse \u00e9 o item mais ignorado por iniciantes e o que mais muda o conforto.<br \/>O ajuste fica na parte de tr\u00e1s da mochila, onde as al\u00e7as e o costado se conectam. Procure:<\/p>\n\n\n\n<ul class=\"wp-block-list\">\n<li><strong>trilho, velcro ou fivelas<\/strong> que permitam mover as al\u00e7as<\/li>\n\n\n\n<li><strong>tamanhos marcados<\/strong> (S\/M\/L ou P\/M\/G)<\/li>\n\n\n\n<li><strong>pe\u00e7a m\u00f3vel<\/strong> que desliza para cima ou para baixo<\/li>\n<\/ul>\n\n\n\n<p class=\"wp-block-paragraph\"><strong>Como testar (super r\u00e1pido):<\/strong><\/p>\n\n\n\n<ul class=\"wp-block-list\">\n<li><strong>Ajuste a barrigueira<\/strong> no seu quadril (n\u00e3o na cintura!);<\/li>\n\n\n\n<li><strong>Puxe a mochila para cima<\/strong> e veja se as al\u00e7as encaixam naturalmente nos ombros;<\/li>\n\n\n\n<li><strong>Olhe a posi\u00e7\u00e3o das al\u00e7as em rela\u00e7\u00e3o ao costado:<\/strong><br \/>&#8211; Se estiverem muito altas (ficando perto do pesco\u00e7o): costado precisa descer.<br \/>&#8211; Se estiverem muito baixas (sobrando nas costas): costado precisa subir.<\/li>\n<\/ul>\n\n\n\n<p class=\"wp-block-paragraph\"><strong>Quando o ajuste est\u00e1 correto: <\/strong><br \/>&#8211; a barrigueira carrega o peso;<br \/>&#8211; as al\u00e7as s\u00f3 encostam;<br \/>&#8211; a mochila n\u00e3o puxa voc\u00ea para tr\u00e1s.<\/p>\n\n\n\n<p class=\"wp-block-paragraph\">Se voc\u00ea j\u00e1 andou com uma mochila mal ajustada por a\u00ed (como eu j\u00e1 \ud83e\udd2d) sabe que \u00e9 uma sensa\u00e7\u00e3o p\u00e9ssima, sentida na hora e at\u00e9 dias depois; al\u00e9m de tudo representa perigo j\u00e1 que pode fazer com que voc\u00ea se desequilibre facilmente.<\/p>\n\n\n\n<figure class=\"wp-block-image size-full\"><img loading=\"lazy\" decoding=\"async\" width=\"480\" height=\"480\" src=\"https:\/\/www.mochileiros.com\/blog\/wp-content\/uploads\/2025\/12\/mochilasemajustecorreto.gif\" alt=\"\" class=\"wp-image-75353\"><\/figure>\n\n\n\n<h3 class=\"wp-block-heading\"><span class=\"ez-toc-section\" id=\"Barrigueira_cinto_abdominal\"><\/span>Barrigueira (cinto abdominal)<span class=\"ez-toc-section-end\"><\/span><\/h3>\n\n\n\n<p class=\"wp-block-paragraph\">Ela <strong>abra\u00e7a o quadril<\/strong> (e n\u00e3o a cintura) e tira o peso dos ombros.<br \/>Quanto mais firme e acolchoado, melhor.<\/p>\n\n\n\n<h3 class=\"wp-block-heading\"><span class=\"ez-toc-section\" id=\"Abertura_e_acessos\"><\/span>Abertura e acessos<span class=\"ez-toc-section-end\"><\/span><\/h3>\n\n\n\n<p class=\"wp-block-paragraph\">Existem modelos com:<\/p>\n\n\n\n<ul class=\"wp-block-list\">\n<li>abertura superior (tradicional)<\/li>\n\n\n\n<li>abertura frontal estilo mala (bastante pr\u00e1tica)<\/li>\n\n\n\n<li>abertura inferior para saco de dormir<\/li>\n\n\n\n<li>combina\u00e7\u00f5es entre elas<\/li>\n<\/ul>\n\n\n\n<p class=\"wp-block-paragraph\">Para mochil\u00e3o, o acesso frontal geralmente \u00e9 o mais pr\u00e1tico para a vida no hostel\/hotel\/pousada.<\/p>\n\n\n\n<h3 class=\"wp-block-heading\"><span class=\"ez-toc-section\" id=\"Materiais_e_resistencia\"><\/span>Materiais e resist\u00eancia<span class=\"ez-toc-section-end\"><\/span><\/h3>\n\n\n\n<p class=\"wp-block-paragraph\">Voc\u00ea n\u00e3o precisa decorar nomes t\u00e9cnicos, mas entender o b\u00e1sico evita comprar uma mochila fr\u00e1gil.<\/p>\n\n\n\n<p class=\"wp-block-paragraph\"><strong>Poli\u00e9ster:<\/strong> mais barato e comum em modelos de entrada. Cumpre o papel, mas dura menos.<br \/><strong>Poliamida\/Nylon (ex.: 420D, 600D):<\/strong> mais resistente \u00e0 abras\u00e3o, ideal para viagens longas.<br \/><strong>Ripstop:<\/strong> trama refor\u00e7ada que evita que rasgos se espalhem.<br \/><strong>Revestimento PU:<\/strong> ajuda a resistir \u00e0 \u00e1gua, mas n\u00e3o torna a mochila imperme\u00e1vel (a capa de chuva ainda \u00e9 essencial).<br \/><strong>Cordura 500 (500D):<\/strong> nylon de alta resist\u00eancia, muito dur\u00e1vel e pensado para uso pesado.<\/p>\n\n\n\n<h3 class=\"wp-block-heading\"><span class=\"ez-toc-section\" id=\"Impermeabilidade_e_capa_de_chuva\"><\/span>Impermeabilidade e capa de chuva<span class=\"ez-toc-section-end\"><\/span><\/h3>\n\n\n\n<p class=\"wp-block-paragraph\">Quase todas v\u00eam com capa embutida.<br \/>Alguns tecidos t\u00eam resist\u00eancia \u00e0 \u00e1gua, mas n\u00e3o s\u00e3o 100% imperme\u00e1veis. S\u00f3 sacos estanques s\u00e3o.<br \/>Se voc\u00ea quer saber sobre <a href=\"https:\/\/www.mochileiros.com\/blog\/saco-estanque\">saco estanque<\/a> (para que serve, como usar, qual tamanho escolher e outras informa\u00e7\u00f5es e dicas importantes) leia nosso artigo sobre.<\/p>\n\n\n\n<h3 class=\"wp-block-heading\"><span class=\"ez-toc-section\" id=\"Mochilas_femininas\"><\/span>Mochilas femininas<span class=\"ez-toc-section-end\"><\/span><\/h3>\n\n\n\n<p class=\"wp-block-paragraph\">Elas s\u00e3o projetadas especialmente para o corpo da mulher. Claro que n\u00e3o s\u00e3o feitas para um \u201cpadr\u00e3o de corpo feminino\u201d ou que tenham medidas padronizadas diante de toda diversidade de corpos, mas estas mochilas levam em considera\u00e7\u00e3o a anatomia feminina. A gente tem um artigo completo e com \u00f3timas op\u00e7\u00f5es de <a href=\"https:\/\/www.mochileiros.com\/blog\/mochila-cargueira-feminina\">mochila cargueira feminina<\/a>. Vale conferir se voc\u00ea est\u00e1 buscando uma.<\/p>\n\n\n\n<h2 class=\"wp-block-heading\"><span class=\"ez-toc-section\" id=\"Como_distribuir_o_peso_dentro_da_mochila_cargueira\"><\/span>Como distribuir o peso dentro da mochila cargueira<span class=\"ez-toc-section-end\"><\/span><\/h2>\n\n\n\n<p class=\"wp-block-paragraph\">A organiza\u00e7\u00e3o interna impacta diretamente em conforto e equil\u00edbrio. Pense sempre na mochila <strong>em p\u00e9<\/strong>, como ela fica nas costas.<\/p>\n\n\n\n<p class=\"wp-block-paragraph\">O peso principal fica no centro, encostado no costado (onde o corpo suporta melhor).<br \/>Tudo o que pesa mais (comida, panela compacta, equipamentos, powerbank, roupas pesadas) deve formar um bloco firme nessa \u00e1rea.<\/p>\n\n\n\n<p class=\"wp-block-paragraph\">Ao redor desse n\u00facleo entram os itens intermedi\u00e1rios, como roupas comuns, necessaire, kit de primeiros socorros e alimentos leves.<\/p>\n\n\n\n<p class=\"wp-block-paragraph\">Os itens leves ficam no fundo e no topo.<br \/>No fundo v\u00e3o coisas volumosas e leves como saco de dormir, segunda pele, casacos compress\u00edveis. Mesmo com z\u00edper inferior, a fun\u00e7\u00e3o n\u00e3o muda: ali continuam os itens grandes e leves.<br \/>No topo ficam itens leves de acesso r\u00e1pido: capa de chuva, lanterna, snacks, protetor solar, gorro, luvas. Se a mochila tiver bolsos externos alguns destes itens podem estar neles tamb\u00e9m.<\/p>\n\n\n\n<p class=\"wp-block-paragraph\">No fim, a l\u00f3gica \u00e9 simples: <strong>peso real no centro; intermedi\u00e1rio ao redor; leve embaixo; leve e &#8220;preciso disso j\u00e1&#8221; no topo.<\/strong><\/p>\n\n\n\n<h2 class=\"wp-block-heading\"><span class=\"ez-toc-section\" id=\"Como_usar_sua_mochila_cargueira_sem_passar_perrengue\"><\/span>Como usar sua mochila cargueira sem passar perrengue<span class=\"ez-toc-section-end\"><\/span><\/h2>\n\n\n\n<ul class=\"wp-block-list\">\n<li>Ajuste o costado antes da viagem.<\/li>\n\n\n\n<li>Aprenda a distribuir o peso (j\u00e1 vimos aqui).<\/li>\n\n\n\n<li>Use <a href=\"https:\/\/amzn.to\/3Y4ZfsQ\" target=\"_blank\" rel=\"noopener\">sacos organizadores<\/a>. Eles mant\u00eam tudo no lugar e facilitam muito a vida na estrada.<br \/>Dependendo do destino e do grau de prote\u00e7\u00e3o exigido, alguns viajantes levam ainda sacos estanques.<\/li>\n\n\n\n<li>Nunca pendure o peso para fora (desestabiliza a mochila).<\/li>\n\n\n\n<li>Deixe a capa de chuva sempre acess\u00edvel. Alguns modelos de mochilas j\u00e1 t\u00eam capa de chuva para elas acoplada, outras destac\u00e1veis.<\/li>\n<\/ul>\n\n\n\n<h2 class=\"wp-block-heading\"><span class=\"ez-toc-section\" id=\"Como_cuidar_da_sua_mochila_cargueira_guia_rapido\"><\/span>Como cuidar da sua mochila cargueira (guia r\u00e1pido)<span class=\"ez-toc-section-end\"><\/span><\/h2>\n\n\n\n<p class=\"wp-block-paragraph\">Uma boa mochila cargueira dura muitos anos; ela pode acompanhar voc\u00ea por uma longa lista de viagens, trilhas e hist\u00f3rias.<\/p>\n\n\n\n<p class=\"wp-block-paragraph\">Depois de cada viagem, retire tudo, deixe arejar e limpe com pano \u00famido ou \u00e1gua fria + sab\u00e3o neutro. Evite m\u00e1quina de lavar.<br \/>Se houver areia ou poeira, bata suavemente ou use aspirador em pot\u00eancia baixa.<\/p>\n\n\n\n<p class=\"wp-block-paragraph\">Para secar, sempre \u00e0 sombra. O sol forte resseca o tecido.<br \/>Guarde a mochila em local seco, ventilado e sem comprimir.<br \/>Fechar z\u00edperes e afrouxar as fitas ajuda a manter a estrutura.<\/p>\n\n\n\n<figure class=\"wp-block-image size-full\"><img loading=\"lazy\" decoding=\"async\" width=\"480\" height=\"270\" src=\"https:\/\/www.mochileiros.com\/blog\/wp-content\/uploads\/2025\/12\/conservaramochila.gif\" alt=\"\" class=\"wp-image-75361\"><\/figure>\n\n\n\n<h2 class=\"wp-block-heading\"><span class=\"ez-toc-section\" id=\"Mochila_cargueira_precisa_despachar_no_aviao\"><\/span><strong>Mochila cargueira precisa despachar no avi\u00e3o?<\/strong><br \/><span class=\"ez-toc-section-end\"><\/span><\/h2>\n\n\n\n<p class=\"wp-block-paragraph\">A maioria das mochilas cargueiras precisa ser despachada no avi\u00e3o porque ultrapassa as dimens\u00f5es da bagagem de m\u00e3o. S\u00f3 modelos entre 35 e 45 litros costumam entrar na cabine, <em>dependendo da companhia a\u00e9rea<\/em>. Se voc\u00ea busca uma que n\u00e3o precise despachar, leia nosso artigo com <a href=\"https:\/\/www.mochileiros.com\/blog\/mochilas-bagagem-de-mao\">mochilas para viajar de avi\u00e3o s\u00f3 com a bagagem de m\u00e3o<\/a>.<\/p>\n\n\n\n<p class=\"wp-block-paragraph\">Se precisar despachar, prenda todas as fitas, use a capa de chuva e, se poss\u00edvel, coloque a mochila dentro de um saco grande de prote\u00e7\u00e3o ou em capas feitas para isso, como a <a href=\"https:\/\/amzn.to\/4iCvTM2\" target=\"_blank\" rel=\"noopener\">Transport Cover da Deuter<\/a> (tamb\u00e9m <a href=\"https:\/\/mercadolivre.com\/sec\/2rihv39\" target=\"_blank\" rel=\"noopener\">dispon\u00edvel no Mercado Livre<\/a>) ou da <a href=\"https:\/\/mercadolivre.com\/sec\/11eyZwt\" target=\"_blank\" rel=\"noopener\">Curtlo<\/a>, por exemplo. T\u00eam outras dicas deixadas por viajantes no f\u00f3rum, <a href=\"https:\/\/www.mochileiros.com\/topic\/35967-despachar-mochila-bagagem\/\">aqui<\/a>.<\/p>\n\n\n\n<h2 class=\"wp-block-heading\"><span class=\"ez-toc-section\" id=\"E_as_mochilas_cargueiras_com_cadeirinha_para_criancas\"><\/span>E as mochilas cargueiras com cadeirinha para crian\u00e7as?<span class=\"ez-toc-section-end\"><\/span><\/h2>\n\n\n\n<p class=\"wp-block-paragraph\">De vez em quando aparece a d\u00favida: <em>\u201cExiste mochila cargueira que leva crian\u00e7a?\u201d<\/em><br \/>Mais ou menos&#8230; existem modelos chamados <strong>child carriers<\/strong> (ou mochilas-cadeirinhas).<br \/><strong>Elas s\u00e3o diferentes das cargueiras tradicionais<\/strong>: t\u00eam estrutura r\u00edgida, espa\u00e7o interno reduzido e s\u00e3o projetadas para carregar beb\u00eas e crian\u00e7as pequenas com seguran\u00e7a em trilhas curtas ou caminhadas leves.<\/p>\n\n\n\n<p class=\"wp-block-paragraph\">Elas n\u00e3o substituem uma mochila cargueira de viagem. <strong>Elas s\u00e3o equipamentos espec\u00edficos<\/strong>, mais pesados, usados por quem vai fazer passeios ao ar livre levando a crian\u00e7a a tiracolo. Se esse for o seu caso, vale pesquisar por modelos como <a href=\"https:\/\/amzn.to\/4iBaN0r\" target=\"_blank\" rel=\"noopener\">Deuter Kid Comfort<\/a> ou similares, que seguem padr\u00f5es adequados para esse tipo de uso. Este modelo da Deuter tem um toldo de prote\u00e7\u00e3o solar (vendido separadamente da mochila-cadeirinha, <a href=\"https:\/\/produto.mercadolivre.com.br\/MLB-5166461674-toldo-de-proteco-kc-sun-roof-para-kid-comfort-deuter-_JM#polycard_client=search-nordic&amp;search_layout=stack&amp;position=1&amp;type=item&amp;tracking_id=e3492469-64cb-4e86-be8e-5dad2f1052c4&amp;wid=MLB5166461674&amp;sid=search\" target=\"_blank\" rel=\"noopener\">aqui<\/a>).<\/p>\n\n\n\n<figure class=\"wp-block-image size-large\"><a href=\"https:\/\/amzn.to\/4iBaN0r\" target=\"_blank\" rel=\"noopener\"><img loading=\"lazy\" decoding=\"async\" width=\"1024\" height=\"1024\" src=\"https:\/\/www.mochileiros.com\/blog\/wp-content\/uploads\/2025\/12\/deuterkidcomfort-1024x1024.jpg\" alt=\"\" class=\"wp-image-75400\" srcset=\"https:\/\/www.mochileiros.com\/blog\/wp-content\/uploads\/2025\/12\/deuterkidcomfort-1024x1024.jpg 1024w, https:\/\/www.mochileiros.com\/blog\/wp-content\/uploads\/2025\/12\/deuterkidcomfort-300x300.jpg 300w, https:\/\/www.mochileiros.com\/blog\/wp-content\/uploads\/2025\/12\/deuterkidcomfort-150x150.jpg 150w, https:\/\/www.mochileiros.com\/blog\/wp-content\/uploads\/2025\/12\/deuterkidcomfort-768x768.jpg 768w, https:\/\/www.mochileiros.com\/blog\/wp-content\/uploads\/2025\/12\/deuterkidcomfort-1536x1536.jpg 1536w, https:\/\/www.mochileiros.com\/blog\/wp-content\/uploads\/2025\/12\/deuterkidcomfort-80x80.jpg 80w, https:\/\/www.mochileiros.com\/blog\/wp-content\/uploads\/2025\/12\/deuterkidcomfort.jpg 1920w\" sizes=\"auto, (max-width: 1024px) 100vw, 1024px\" \/><\/a><figcaption class=\"wp-element-caption\"><em>Foto: Divulga\u00e7\u00e3o\/Deuter.<\/em><\/figcaption><\/figure>\n\n\n\n<p class=\"wp-block-paragraph\"><\/p>\n\n\n\n<h2 class=\"wp-block-heading\"><span class=\"ez-toc-section\" id=\"FAQ_%E2%80%93_Perguntas_frequentes_sobre_mochila_cargueira\"><\/span>FAQ &#8211; Perguntas frequentes sobre mochila cargueira<span class=\"ez-toc-section-end\"><\/span><\/h2>\n\n\n<div id=\"rank-math-faq\" class=\"rank-math-block\">\n<div class=\"rank-math-list \">\n<div id=\"faq-question-1764706963945\" class=\"rank-math-list-item\">\n<h3 class=\"rank-math-question \"><span class=\"ez-toc-section\" id=\"O_que_e_uma_mochila_cargueira-2\"><\/span>O que \u00e9 uma mochila cargueira?<span class=\"ez-toc-section-end\"><\/span><\/h3>\n<div class=\"rank-math-answer \">\n\n<p>\u00c9 uma mochila grande, estruturada, feita para carregar peso com conforto, usada em viagens longas, mochil\u00f5es e trilhas.<\/p>\n\n<\/div>\n<\/div>\n<div id=\"faq-question-1764706986182\" class=\"rank-math-list-item\">\n<h3 class=\"rank-math-question \"><span class=\"ez-toc-section\" id=\"Quais_sao_as_melhores_mochilas_cargueiras\"><\/span>Quais s\u00e3o as melhores mochilas cargueiras?<span class=\"ez-toc-section-end\"><\/span><\/h3>\n<div class=\"rank-math-answer \">\n\n<p>Depende do seu uso, mas marcas muito bem avaliadas entre mochileiros s\u00e3o: Deuter, Osprey, The North Face, Curtlo, Naturehike e Quechua.<\/p>\n\n<\/div>\n<\/div>\n<div id=\"faq-question-1764707148473\" class=\"rank-math-list-item\">\n<h3 class=\"rank-math-question \"><span class=\"ez-toc-section\" id=\"Qual_mochila_comprar_para_um_mochilao\"><\/span>Qual mochila comprar para um mochil\u00e3o?<span class=\"ez-toc-section-end\"><\/span><\/h3>\n<div class=\"rank-math-answer \">\n\n<p>Para a maioria das viagens: entre <strong>55 e 65 litros<\/strong>.<br \/>Se incluir camping e ou inverno pesado: <strong>70 litros ou mais.<\/strong> <\/p>\n\n<\/div>\n<\/div>\n<div id=\"faq-question-1764710157789\" class=\"rank-math-list-item\">\n<h3 class=\"rank-math-question \"><span class=\"ez-toc-section\" id=\"Como_escolher_uma_mochila_cargueira\"><\/span>Como escolher uma mochila cargueira?<span class=\"ez-toc-section-end\"><\/span><\/h3>\n<div class=\"rank-math-answer \">\n\n<p>Avalie: litragem, costado, barrigueira, materiais, peso, acesso frontal e resist\u00eancia.<\/p>\n\n<\/div>\n<\/div>\n<div id=\"faq-question-1764707304344\" class=\"rank-math-list-item\">\n<h3 class=\"rank-math-question \"><span class=\"ez-toc-section\" id=\"Quantos_litros_deve_ter_uma_mochila_para_15_dias_de_viagem\"><\/span>Quantos litros deve ter uma mochila para 15 dias de viagem?<span class=\"ez-toc-section-end\"><\/span><\/h3>\n<div class=\"rank-math-answer \">\n\n<p>Entre <strong>50 e 60L<\/strong> \u00e9 suficiente para a maioria das pessoas. O segredo est\u00e1 em <strong>organizar bem<\/strong> e levar os itens certos, n\u00e3o em levar mais.<\/p>\n\n<\/div>\n<\/div>\n<div id=\"faq-question-1764707355534\" class=\"rank-math-list-item\">\n<h3 class=\"rank-math-question \"><span class=\"ez-toc-section\" id=\"Mochila_cargueira_e_ruim_para_as_costas\"><\/span>Mochila cargueira \u00e9 ruim para as costas?<span class=\"ez-toc-section-end\"><\/span><\/h3>\n<div class=\"rank-math-answer \">\n\n<p>Se estiver ajustada corretamente, n\u00e3o. Ela distribui o peso no quadril.<\/p>\n\n<\/div>\n<\/div>\n<div id=\"faq-question-1764707383419\" class=\"rank-math-list-item\">\n<h3 class=\"rank-math-question \"><span class=\"ez-toc-section\" id=\"Mochila_cargueira_serve_para_viagens_urbanas\"><\/span>Mochila cargueira serve para viagens urbanas?<span class=\"ez-toc-section-end\"><\/span><\/h3>\n<div class=\"rank-math-answer \">\n\n<p>Sim. Para viagens com muitos deslocamentos, escadas ou paralelep\u00edpedos, ela pode ser bem mais pr\u00e1tica que uma mala.<\/p>\n\n<\/div>\n<\/div>\n<div id=\"faq-question-1764707633358\" class=\"rank-math-list-item\">\n<h3 class=\"rank-math-question \"><span class=\"ez-toc-section\" id=\"Mochila_cargueira_precisa_despachar\"><\/span>Mochila cargueira precisa despachar?<span class=\"ez-toc-section-end\"><\/span><\/h3>\n<div class=\"rank-math-answer \">\n\n<p>Geralmente sim. Modelos acima de 45L n\u00e3o entram como bagagem de m\u00e3o.<\/p>\n\n<\/div>\n<\/div>\n<div id=\"faq-question-1764707660967\" class=\"rank-math-list-item\">\n<h3 class=\"rank-math-question \"><span class=\"ez-toc-section\" id=\"Qual_mochila_nao_precisa_despachar\"><\/span>Qual mochila n\u00e3o precisa despachar?<span class=\"ez-toc-section-end\"><\/span><\/h3>\n<div class=\"rank-math-answer \">\n\n<p>As que t\u00eam entre 35 e 45L. Confira sempre as regras da companhia a\u00e9rea. E, se quiser saber qual <a href=\"https:\/\/www.mochileiros.com\/blog\/mochilas-bagagem-de-mao\">mochila para viajar s\u00f3 com bagagem de m\u00e3o<\/a>, temos um artigo sobre isso.<\/p>\n\n<\/div>\n<\/div>\n<div id=\"faq-question-1764761632994\" class=\"rank-math-list-item\">\n<h3 class=\"rank-math-question \"><span class=\"ez-toc-section\" id=\"O_que_e_fechamento_rolltop_de_uma_mochila\"><\/span>O que \u00e9 fechamento rolltop de uma mochila?<span class=\"ez-toc-section-end\"><\/span><\/h3>\n<div class=\"rank-math-answer \">\n\n<p>Fechamento rolltop \u00e9 um sistema em que a boca da mochila \u00e9 enrolada v\u00e1rias vezes e depois presa por uma fivela, criando um lacre firme. Ele permite ajustar o volume da mochila e aumenta a prote\u00e7\u00e3o contra chuva e poeira.<\/p>\n\n<\/div>\n<\/div>\n<div id=\"faq-question-1764761821203\" class=\"rank-math-list-item\">\n<h3 class=\"rank-math-question \"><span class=\"ez-toc-section\" id=\"O_que_e_mochila_de_ataque\"><\/span>O que \u00e9 mochila de ataque?<span class=\"ez-toc-section-end\"><\/span><\/h3>\n<div class=\"rank-math-answer \">\n\n<p>Mochila de ataque \u00e9 uma mochila pequena e leve (geralmente de 10 a 25 litros), feita para carregar apenas o essencial em trilhas curtas, passeios do dia e atividades r\u00e1pidas durante a viagem.<br \/>Voc\u00ea pode saber tudo sobre <a href=\"https:\/\/www.mochileiros.com\/blog\/mochila-de-ataque\">mochila de ataque<\/a> no nosso artigo sobre o assunto.<\/p>\n\n<\/div>\n<\/div>\n<\/div>\n<\/div>\n\n\n<p class=\"wp-block-paragraph\"><\/p>\n\n\n\n<p class=\"wp-block-paragraph\"><em>Este artigo cont\u00e9m links de afiliado para <a href=\"https:\/\/amzn.to\/4ayEJZ0\" target=\"_blank\" rel=\"noopener\">Amazon.com.br<\/a> e Mercado Livre.&nbsp;Ao comprar por aqui, voc\u00ea n\u00e3o paga nada a mais por isso, mas o Mochileiros.com pode receber uma pequena comiss\u00e3o, o que nos ajuda a manter o site no ar e trazer cada vez mais guias como este para voc\u00ea. Obrigado pelo apoio!<\/em> \ud83e\udec2<\/p>\n\n\n\n<p class=\"wp-block-paragraph\"><em>A foto que traz at\u00e9 este artigo \u00e9 de autoria de Alex Moliski\/Unsplash. As demais, divulga\u00e7\u00e3o e Giphy.<\/em><\/p>\n","protected":false},"excerpt":{"rendered":"<p>Mochila cargueira: o que \u00e9, para que serve, como escolher, quais litragens e modelos valem a pena; tudo explicado de forma pr\u00e1tica para quem viaja ou faz trilhas. Se voc\u00ea est\u00e1 procurando uma boa mochila cargueira para comprar, este guia te ajuda a decidir sem complica\u00e7\u00e3o. O que \u00e9 uma mochila cargueira? Uma cargueira \u00e9 [&hellip;]<\/p>\n","protected":false},"author":55,"featured_media":75441,"comment_status":"open","ping_status":"closed","sticky":false,"template":"","format":"standard","meta":{"googlesitekit_rrm_CAoiELM5mIOjYRN0nfylq3_9r-8:productID":"","_crdt_document":"","_daim_seo_power":"","_daim_enable_ail":"","footnotes":""},"categories":[168],"tags":[36],"class_list":["post-75315","post","type-post","status-publish","format-standard","has-post-thumbnail","hentry","category-blog","tag-equipamentos"],"_links":{"self":[{"href":"https:\/\/www.mochileiros.com\/blog\/wp-json\/wp\/v2\/posts\/75315","targetHints":{"allow":["GET"]}}],"collection":[{"href":"https:\/\/www.mochileiros.com\/blog\/wp-json\/wp\/v2\/posts"}],"about":[{"href":"https:\/\/www.mochileiros.com\/blog\/wp-json\/wp\/v2\/types\/post"}],"author":[{"embeddable":true,"href":"https:\/\/www.mochileiros.com\/blog\/wp-json\/wp\/v2\/users\/55"}],"replies":[{"embeddable":true,"href":"https:\/\/www.mochileiros.com\/blog\/wp-json\/wp\/v2\/comments?post=75315"}],"version-history":[{"count":81,"href":"https:\/\/www.mochileiros.com\/blog\/wp-json\/wp\/v2\/posts\/75315\/revisions"}],"predecessor-version":[{"id":75591,"href":"https:\/\/www.mochileiros.com\/blog\/wp-json\/wp\/v2\/posts\/75315\/revisions\/75591"}],"wp:featuredmedia":[{"embeddable":true,"href":"https:\/\/www.mochileiros.com\/blog\/wp-json\/wp\/v2\/media\/75441"}],"wp:attachment":[{"href":"https:\/\/www.mochileiros.com\/blog\/wp-json\/wp\/v2\/media?parent=75315"}],"wp:term":[{"taxonomy":"category","embeddable":true,"href":"https:\/\/www.mochileiros.com\/blog\/wp-json\/wp\/v2\/categories?post=75315"},{"taxonomy":"post_tag","embeddable":true,"href":"https:\/\/www.mochileiros.com\/blog\/wp-json\/wp\/v2\/tags?post=75315"}],"curies":[{"name":"wp","href":"https:\/\/api.w.org\/{rel}","templated":true}]}}