{"id":75484,"date":"2026-02-25T10:57:53","date_gmt":"2026-02-25T13:57:53","guid":{"rendered":"https:\/\/www.mochileiros.com\/blog\/?p=75484"},"modified":"2026-02-25T10:57:54","modified_gmt":"2026-02-25T13:57:54","slug":"mochila-de-ataque","status":"publish","type":"post","link":"https:\/\/www.mochileiros.com\/blog\/mochila-de-ataque","title":{"rendered":"Mochila de ataque: o que \u00e9, para que serve e como escolher a sua"},"content":{"rendered":"\n<p class=\"wp-block-paragraph\">A <strong>mochila de ataque<\/strong> \u00e9 um dos equipamentos mais vers\u00e1teis para quem viaja ou faz trilhas. Leve, pr\u00e1tica e compacta, ela acompanha desde caminhadas curtas at\u00e9 passeios durante o mochil\u00e3o, funcionando como aquela mochila essencial para carregar s\u00f3 o que realmente importa, sem peso extra e sem complica\u00e7\u00e3o.<\/p>\n\n\n\n<p class=\"wp-block-paragraph\">Ela se tornou popular porque se adapta bem a diferentes contextos: vai com voc\u00ea em trilhas de um dia, em viagens r\u00e1pidas, em city tours, no avi\u00e3o como bagagem pessoal e at\u00e9 na rotina urbana.<\/p>\n\n\n\n<p class=\"wp-block-paragraph\">Neste guia, reunimos tudo o que o viajante precisa saber (de forma simples e \u00fatil) para entender os tipos, as diferen\u00e7as, o tamanho ideal e como escolher um modelo resistente e confort\u00e1vel para o seu uso.<\/p>\n\n\n\n<div id=\"ez-toc-container\" class=\"ez-toc-v2_0_82_2 counter-hierarchy ez-toc-counter ez-toc-grey ez-toc-container-direction\">\n<div class=\"ez-toc-title-container\">\n<p class=\"ez-toc-title\" style=\"cursor:inherit\">\u00cdndice<\/p>\n<span class=\"ez-toc-title-toggle\"><a href=\"#\" class=\"ez-toc-pull-right ez-toc-btn ez-toc-btn-xs ez-toc-btn-default ez-toc-toggle\" aria-label=\"Alternar tabela de conte\u00fado\"><span class=\"ez-toc-js-icon-con\"><span class=\"\"><span class=\"eztoc-hide\" style=\"display:none;\">Toggle<\/span><span class=\"ez-toc-icon-toggle-span\"><svg style=\"fill: #999;color:#999\" xmlns=\"http:\/\/www.w3.org\/2000\/svg\" class=\"list-377408\" width=\"20px\" height=\"20px\" viewBox=\"0 0 24 24\" fill=\"none\"><path d=\"M6 6H4v2h2V6zm14 0H8v2h12V6zM4 11h2v2H4v-2zm16 0H8v2h12v-2zM4 16h2v2H4v-2zm16 0H8v2h12v-2z\" fill=\"currentColor\"><\/path><\/svg><svg style=\"fill: #999;color:#999\" class=\"arrow-unsorted-368013\" xmlns=\"http:\/\/www.w3.org\/2000\/svg\" width=\"10px\" height=\"10px\" viewBox=\"0 0 24 24\" version=\"1.2\" baseProfile=\"tiny\"><path d=\"M18.2 9.3l-6.2-6.3-6.2 6.3c-.2.2-.3.4-.3.7s.1.5.3.7c.2.2.4.3.7.3h11c.3 0 .5-.1.7-.3.2-.2.3-.5.3-.7s-.1-.5-.3-.7zM5.8 14.7l6.2 6.3 6.2-6.3c.2-.2.3-.5.3-.7s-.1-.5-.3-.7c-.2-.2-.4-.3-.7-.3h-11c-.3 0-.5.1-.7.3-.2.2-.3.5-.3.7s.1.5.3.7z\"\/><\/svg><\/span><\/span><\/span><\/a><\/span><\/div>\n<nav><ul class='ez-toc-list ez-toc-list-level-1 ' ><li class='ez-toc-page-1 ez-toc-heading-level-2'><a class=\"ez-toc-link ez-toc-heading-1\" href=\"https:\/\/www.mochileiros.com\/blog\/mochila-de-ataque\/#O_que_e_uma_mochila_de_ataque\" >O que \u00e9 uma mochila de ataque?<\/a><\/li><li class='ez-toc-page-1 ez-toc-heading-level-2'><a class=\"ez-toc-link ez-toc-heading-2\" href=\"https:\/\/www.mochileiros.com\/blog\/mochila-de-ataque\/#Por_que_o_nome_%E2%80%9Cde_ataque%E2%80%9D\" >Por que o nome \u201cde ataque\u201d?<\/a><\/li><li class='ez-toc-page-1 ez-toc-heading-level-2'><a class=\"ez-toc-link ez-toc-heading-3\" href=\"https:\/\/www.mochileiros.com\/blog\/mochila-de-ataque\/#Para_que_serve_uma_mochila_de_ataque\" >Para que serve uma mochila de ataque?<\/a><ul class='ez-toc-list-level-3' ><li class='ez-toc-heading-level-3'><a class=\"ez-toc-link ez-toc-heading-4\" href=\"https:\/\/www.mochileiros.com\/blog\/mochila-de-ataque\/#Trilhas_de_um_dia_hiking\" >Trilhas de um dia (hiking)<\/a><\/li><li class='ez-toc-page-1 ez-toc-heading-level-3'><a class=\"ez-toc-link ez-toc-heading-5\" href=\"https:\/\/www.mochileiros.com\/blog\/mochila-de-ataque\/#Passeios_durante_o_mochilao\" >Passeios durante o mochil\u00e3o<\/a><\/li><li class='ez-toc-page-1 ez-toc-heading-level-3'><a class=\"ez-toc-link ez-toc-heading-6\" href=\"https:\/\/www.mochileiros.com\/blog\/mochila-de-ataque\/#Bagagem_pessoal_no_aviao\" >Bagagem pessoal no avi\u00e3o<\/a><\/li><li class='ez-toc-page-1 ez-toc-heading-level-3'><a class=\"ez-toc-link ez-toc-heading-7\" href=\"https:\/\/www.mochileiros.com\/blog\/mochila-de-ataque\/#Uso_urbano\" >Uso urbano<\/a><\/li><li class='ez-toc-page-1 ez-toc-heading-level-3'><a class=\"ez-toc-link ez-toc-heading-8\" href=\"https:\/\/www.mochileiros.com\/blog\/mochila-de-ataque\/#Ciclismo_corridas_de_montanha_e_atividades_outdoor_leves\" >Ciclismo, corridas de montanha e atividades outdoor leves<\/a><\/li><\/ul><\/li><li class='ez-toc-page-1 ez-toc-heading-level-2'><a class=\"ez-toc-link ez-toc-heading-9\" href=\"https:\/\/www.mochileiros.com\/blog\/mochila-de-ataque\/#Mochilas_de_ataque_cargueira_casual_e_tatica_%E2%80%93_elimine_qualquer_confusao\" >Mochilas de ataque, cargueira, casual e t\u00e1tica &#8211; elimine qualquer confus\u00e3o<\/a><ul class='ez-toc-list-level-3' ><li class='ez-toc-heading-level-3'><a class=\"ez-toc-link ez-toc-heading-10\" href=\"https:\/\/www.mochileiros.com\/blog\/mochila-de-ataque\/#Mochila_de_ataque_10%E2%80%9330_L\" >Mochila de ataque (10\u201330 L)<\/a><\/li><li class='ez-toc-page-1 ez-toc-heading-level-3'><a class=\"ez-toc-link ez-toc-heading-11\" href=\"https:\/\/www.mochileiros.com\/blog\/mochila-de-ataque\/#Mochila_cargueira_50%E2%80%9380_L\" >Mochila cargueira (50\u201380 L)<\/a><\/li><li class='ez-toc-page-1 ez-toc-heading-level-3'><a class=\"ez-toc-link ez-toc-heading-12\" href=\"https:\/\/www.mochileiros.com\/blog\/mochila-de-ataque\/#Mochila_urbanacasual\" >Mochila urbana\/casual<\/a><\/li><li class='ez-toc-page-1 ez-toc-heading-level-3'><a class=\"ez-toc-link ez-toc-heading-13\" href=\"https:\/\/www.mochileiros.com\/blog\/mochila-de-ataque\/#Mochila_taticamilitar\" >Mochila t\u00e1tica\/militar<\/a><\/li><li class='ez-toc-page-1 ez-toc-heading-level-3'><a class=\"ez-toc-link ez-toc-heading-14\" href=\"https:\/\/www.mochileiros.com\/blog\/mochila-de-ataque\/#Mochila_de_ataque_dobravel_packable\" >Mochila de ataque dobr\u00e1vel (packable)<\/a><\/li><\/ul><\/li><li class='ez-toc-page-1 ez-toc-heading-level-2'><a class=\"ez-toc-link ez-toc-heading-15\" href=\"https:\/\/www.mochileiros.com\/blog\/mochila-de-ataque\/#Quantos_litros_deve_ter_uma_mochila_de_ataque\" >Quantos litros deve ter uma mochila de ataque?<\/a><\/li><li class='ez-toc-page-1 ez-toc-heading-level-2'><a class=\"ez-toc-link ez-toc-heading-16\" href=\"https:\/\/www.mochileiros.com\/blog\/mochila-de-ataque\/#Ate_15_L\" >At\u00e9 15 L<\/a><ul class='ez-toc-list-level-3' ><li class='ez-toc-heading-level-3'><a class=\"ez-toc-link ez-toc-heading-17\" href=\"https:\/\/www.mochileiros.com\/blog\/mochila-de-ataque\/#Mochila_Twin_12L_Curtlo\" >Mochila Twin 12L, Curtlo<\/a><\/li><li class='ez-toc-page-1 ez-toc-heading-level-3'><a class=\"ez-toc-link ez-toc-heading-18\" href=\"https:\/\/www.mochileiros.com\/blog\/mochila-de-ataque\/#Mochila_de_Trilha_50_Arpenaz_Quechua_10L\" >Mochila de Trilha 50 Arpenaz Quechua 10L<\/a><\/li><li class='ez-toc-page-1 ez-toc-heading-level-3'><a class=\"ez-toc-link ez-toc-heading-19\" href=\"https:\/\/www.mochileiros.com\/blog\/mochila-de-ataque\/#Mochila_Compacta_Dobravel_Naturehike_18L\" >Mochila Compacta Dobr\u00e1vel Naturehike 18L<\/a><\/li><\/ul><\/li><li class='ez-toc-page-1 ez-toc-heading-level-2'><a class=\"ez-toc-link ez-toc-heading-20\" href=\"https:\/\/www.mochileiros.com\/blog\/mochila-de-ataque\/#De_20%E2%80%9325_L_faixa_mais_versatil\" >De 20\u201325 L (faixa mais vers\u00e1til)<\/a><ul class='ez-toc-list-level-3' ><li class='ez-toc-heading-level-3'><a class=\"ez-toc-link ez-toc-heading-21\" href=\"https:\/\/www.mochileiros.com\/blog\/mochila-de-ataque\/#Mochila_Daylite_Plus_Osprey_20L\" >Mochila Daylite Plus Osprey 20L<\/a><\/li><li class='ez-toc-page-1 ez-toc-heading-level-3'><a class=\"ez-toc-link ez-toc-heading-22\" href=\"https:\/\/www.mochileiros.com\/blog\/mochila-de-ataque\/#Mochila_Deuter_para_hiking_23L\" >Mochila Deuter para hiking, 23L<\/a><\/li><li class='ez-toc-page-1 ez-toc-heading-level-3'><a class=\"ez-toc-link ez-toc-heading-23\" href=\"https:\/\/www.mochileiros.com\/blog\/mochila-de-ataque\/#Mochila_Gavea_25L_NTK_Nautika\" >Mochila G\u00e1vea 25L, NTK (Nautika)<\/a><\/li><li class='ez-toc-page-1 ez-toc-heading-level-3'><a class=\"ez-toc-link ez-toc-heading-24\" href=\"https:\/\/www.mochileiros.com\/blog\/mochila-de-ataque\/#Mochila_dobravel_Trip_23L_Curtlo\" >Mochila dobr\u00e1vel Trip 23L, Curtlo<\/a><\/li><\/ul><\/li><li class='ez-toc-page-1 ez-toc-heading-level-2'><a class=\"ez-toc-link ez-toc-heading-25\" href=\"https:\/\/www.mochileiros.com\/blog\/mochila-de-ataque\/#De_30%E2%80%9335_L\" >De 30\u201335 L<\/a><ul class='ez-toc-list-level-3' ><li class='ez-toc-heading-level-3'><a class=\"ez-toc-link ez-toc-heading-26\" href=\"https:\/\/www.mochileiros.com\/blog\/mochila-de-ataque\/#Mochila_Outsider_30L_Curtlo\" >Mochila Outsider 30L, Curtlo<\/a><\/li><li class='ez-toc-page-1 ez-toc-heading-level-3'><a class=\"ez-toc-link ez-toc-heading-27\" href=\"https:\/\/www.mochileiros.com\/blog\/mochila-de-ataque\/#Mochila_Trailblazer_30L_Salomon\" >Mochila Trailblazer 30L, Salomon<\/a><\/li><li class='ez-toc-page-1 ez-toc-heading-level-3'><a class=\"ez-toc-link ez-toc-heading-28\" href=\"https:\/\/www.mochileiros.com\/blog\/mochila-de-ataque\/#Mochila_Air_Lite_30L_Deuter\" >Mochila Air Lite 30L, Deuter<\/a><\/li><li class='ez-toc-page-1 ez-toc-heading-level-3'><a class=\"ez-toc-link ez-toc-heading-29\" href=\"https:\/\/www.mochileiros.com\/blog\/mochila-de-ataque\/#Mochila_Trekking_35_Trilhas_Rumos\" >Mochila Trekking 35, Trilhas &amp; Rumos<\/a><\/li><\/ul><\/li><li class='ez-toc-page-1 ez-toc-heading-level-2'><a class=\"ez-toc-link ez-toc-heading-30\" href=\"https:\/\/www.mochileiros.com\/blog\/mochila-de-ataque\/#Como_escolher_a_mochila_de_ataque_ideal\" >Como escolher a mochila de ataque ideal<\/a><ul class='ez-toc-list-level-3' ><li class='ez-toc-heading-level-3'><a class=\"ez-toc-link ez-toc-heading-31\" href=\"https:\/\/www.mochileiros.com\/blog\/mochila-de-ataque\/#Conforto_e_ergonomia\" >Conforto e ergonomia<\/a><\/li><li class='ez-toc-page-1 ez-toc-heading-level-3'><a class=\"ez-toc-link ez-toc-heading-32\" href=\"https:\/\/www.mochileiros.com\/blog\/mochila-de-ataque\/#Organizacao_interna_e_externa\" >Organiza\u00e7\u00e3o interna e externa<\/a><\/li><li class='ez-toc-page-1 ez-toc-heading-level-3'><a class=\"ez-toc-link ez-toc-heading-33\" href=\"https:\/\/www.mochileiros.com\/blog\/mochila-de-ataque\/#Resistencia_dos_materiais\" >Resist\u00eancia dos materiais<\/a><\/li><li class='ez-toc-page-1 ez-toc-heading-level-3'><a class=\"ez-toc-link ez-toc-heading-34\" href=\"https:\/\/www.mochileiros.com\/blog\/mochila-de-ataque\/#Impermeabilidade\" >Impermeabilidade<\/a><\/li><li class='ez-toc-page-1 ez-toc-heading-level-3'><a class=\"ez-toc-link ez-toc-heading-35\" href=\"https:\/\/www.mochileiros.com\/blog\/mochila-de-ataque\/#Peso_da_mochila_vazia\" >Peso da mochila vazia<\/a><\/li><li class='ez-toc-page-1 ez-toc-heading-level-3'><a class=\"ez-toc-link ez-toc-heading-36\" href=\"https:\/\/www.mochileiros.com\/blog\/mochila-de-ataque\/#Ajuste_ao_seu_uso_real\" >Ajuste ao seu uso real<\/a><\/li><\/ul><\/li><li class='ez-toc-page-1 ez-toc-heading-level-2'><a class=\"ez-toc-link ez-toc-heading-37\" href=\"https:\/\/www.mochileiros.com\/blog\/mochila-de-ataque\/#O_que_levar_na_mochila_de_ataque\" >O que levar na mochila de ataque<\/a><\/li><li class='ez-toc-page-1 ez-toc-heading-level-2'><a class=\"ez-toc-link ez-toc-heading-38\" href=\"https:\/\/www.mochileiros.com\/blog\/mochila-de-ataque\/#FAQ_%E2%80%93_Perguntas_mais_buscadas_sobre_mochila_de_ataque\" >FAQ \u2013 Perguntas mais buscadas sobre mochila de ataque<\/a><ul class='ez-toc-list-level-3' ><li class='ez-toc-heading-level-3'><a class=\"ez-toc-link ez-toc-heading-39\" href=\"https:\/\/www.mochileiros.com\/blog\/mochila-de-ataque\/#O_que_e_uma_mochila_de_ataque_e_por_que_esse_nome\" >O que \u00e9 uma mochila de ataque e por que esse nome?<\/a><\/li><li class='ez-toc-page-1 ez-toc-heading-level-3'><a class=\"ez-toc-link ez-toc-heading-40\" href=\"https:\/\/www.mochileiros.com\/blog\/mochila-de-ataque\/#Mochila_de_ataque_tem_quantos_litros\" >Mochila de ataque tem quantos litros?<\/a><\/li><li class='ez-toc-page-1 ez-toc-heading-level-3'><a class=\"ez-toc-link ez-toc-heading-41\" href=\"https:\/\/www.mochileiros.com\/blog\/mochila-de-ataque\/#Qual_a_melhor_litragem_para_trilha_de_um_dia\" >Qual a melhor litragem para trilha de um dia?<\/a><\/li><li class='ez-toc-page-1 ez-toc-heading-level-3'><a class=\"ez-toc-link ez-toc-heading-42\" href=\"https:\/\/www.mochileiros.com\/blog\/mochila-de-ataque\/#Qual_a_diferenca_entre_mochila_de_ataque_e_mochila_cargueira\" >Qual a diferen\u00e7a entre mochila de ataque e mochila cargueira?<\/a><\/li><li class='ez-toc-page-1 ez-toc-heading-level-3'><a class=\"ez-toc-link ez-toc-heading-43\" href=\"https:\/\/www.mochileiros.com\/blog\/mochila-de-ataque\/#Mochila_de_ataque_serve_para_viajar_de_aviao\" >Mochila de ataque serve para viajar de avi\u00e3o?<\/a><\/li><li class='ez-toc-page-1 ez-toc-heading-level-3'><a class=\"ez-toc-link ez-toc-heading-44\" href=\"https:\/\/www.mochileiros.com\/blog\/mochila-de-ataque\/#Mochila_de_ataque_pode_ser_usada_na_cidade\" >Mochila de ataque pode ser usada na cidade?<\/a><\/li><li class='ez-toc-page-1 ez-toc-heading-level-3'><a class=\"ez-toc-link ez-toc-heading-45\" href=\"https:\/\/www.mochileiros.com\/blog\/mochila-de-ataque\/#Como_saber_se_uma_mochila_de_ataque_e_boa\" >Como saber se uma mochila de ataque \u00e9 boa?<\/a><\/li><li class='ez-toc-page-1 ez-toc-heading-level-3'><a class=\"ez-toc-link ez-toc-heading-46\" href=\"https:\/\/www.mochileiros.com\/blog\/mochila-de-ataque\/#Posso_usar_uma_mochila_urbana_como_mochila_de_ataque\" >Posso usar uma mochila urbana como mochila de ataque?<\/a><\/li><li class='ez-toc-page-1 ez-toc-heading-level-3'><a class=\"ez-toc-link ez-toc-heading-47\" href=\"https:\/\/www.mochileiros.com\/blog\/mochila-de-ataque\/#Mochila_dobravel_substitui_uma_mochila_de_ataque_tradicional\" >Mochila dobr\u00e1vel substitui uma mochila de ataque tradicional?<\/a><\/li><li class='ez-toc-page-1 ez-toc-heading-level-3'><a class=\"ez-toc-link ez-toc-heading-48\" href=\"https:\/\/www.mochileiros.com\/blog\/mochila-de-ataque\/#Mochilas_dobraveis_sao_confortaveis_para_trilhas\" >Mochilas dobr\u00e1veis s\u00e3o confort\u00e1veis para trilhas?<\/a><\/li><li class='ez-toc-page-1 ez-toc-heading-level-3'><a class=\"ez-toc-link ez-toc-heading-49\" href=\"https:\/\/www.mochileiros.com\/blog\/mochila-de-ataque\/#Quantos_litros_deve_ter_uma_mochila_de_ataque_dobravel\" >Quantos litros deve ter uma mochila de ataque dobr\u00e1vel?<\/a><\/li><li class='ez-toc-page-1 ez-toc-heading-level-3'><a class=\"ez-toc-link ez-toc-heading-50\" href=\"https:\/\/www.mochileiros.com\/blog\/mochila-de-ataque\/#Qual_a_diferenca_entre_hiking_e_trekking\" >Qual a diferen\u00e7a entre hiking e trekking?<\/a><\/li><\/ul><\/li><\/ul><\/nav><\/div>\n<h2 class=\"wp-block-heading\"><span class=\"ez-toc-section\" id=\"O_que_e_uma_mochila_de_ataque\"><\/span>O que \u00e9 uma mochila de ataque?<span class=\"ez-toc-section-end\"><\/span><\/h2>\n\n\n\n<p class=\"wp-block-paragraph\">A mochila de ataque (ou <em>daypack<\/em>) \u00e9 uma mochila pequena e leve, criada para carregar <strong>somente o essencial<\/strong> em atividades como trilhas, caminhadas e passeios de curta dura\u00e7\u00e3o e  tamb\u00e9m para uso no dia a dia.<\/p>\n\n\n\n<p class=\"wp-block-paragraph\">Ela geralmente tem entre <strong>10 e 30 litros<\/strong>, oferecendo espa\u00e7o para \u00e1gua, lanche, corta-vento, c\u00e2mera, documentos e alguns itens extras. \u00c9 pensada para <strong>conforto<\/strong>, <strong>agilidade<\/strong> e <strong>praticidade<\/strong>: nada de excesso, nada de volume desnecess\u00e1rio.<\/p>\n\n\n\n<figure class=\"wp-block-image size-large\"><img loading=\"lazy\" decoding=\"async\" width=\"1024\" height=\"683\" src=\"https:\/\/www.mochileiros.com\/blog\/wp-content\/uploads\/2025\/12\/mochila-de-ataque_gochrisgo_pexels-1-1024x683.jpg\" alt=\"\" class=\"wp-image-75489\" srcset=\"https:\/\/www.mochileiros.com\/blog\/wp-content\/uploads\/2025\/12\/mochila-de-ataque_gochrisgo_pexels-1-1024x683.jpg 1024w, https:\/\/www.mochileiros.com\/blog\/wp-content\/uploads\/2025\/12\/mochila-de-ataque_gochrisgo_pexels-1-300x200.jpg 300w, https:\/\/www.mochileiros.com\/blog\/wp-content\/uploads\/2025\/12\/mochila-de-ataque_gochrisgo_pexels-1-768x512.jpg 768w, https:\/\/www.mochileiros.com\/blog\/wp-content\/uploads\/2025\/12\/mochila-de-ataque_gochrisgo_pexels-1-1536x1024.jpg 1536w, https:\/\/www.mochileiros.com\/blog\/wp-content\/uploads\/2025\/12\/mochila-de-ataque_gochrisgo_pexels-1.jpg 1920w\" sizes=\"auto, (max-width: 1024px) 100vw, 1024px\" \/><figcaption class=\"wp-element-caption\"><em>Exemplo de uma mochila de ataque de 25L | Foto: Chris G\/Pexels.<\/em><\/figcaption><\/figure>\n\n\n\n<h2 class=\"wp-block-heading\"><span class=\"ez-toc-section\" id=\"Por_que_o_nome_%E2%80%9Cde_ataque%E2%80%9D\"><\/span>Por que o nome \u201cde ataque\u201d?<span class=\"ez-toc-section-end\"><\/span><\/h2>\n\n\n\n<p class=\"wp-block-paragraph\">O termo nasceu no montanhismo. Em ascens\u00f5es longas, os montanhistas deixavam sua mochila cargueira no acampamento-base e \u201catacavam\u201d o cume apenas com a mochila menor, carregando o m\u00ednimo indispens\u00e1vel. <br \/>(Como a gente, que deixa a cargueira no hostel e vai &#8220;atacar&#8221; a cidade \ud83d\ude09).<\/p>\n\n\n\n<h2 class=\"wp-block-heading\"><span class=\"ez-toc-section\" id=\"Para_que_serve_uma_mochila_de_ataque\"><\/span>Para que serve uma mochila de ataque?<span class=\"ez-toc-section-end\"><\/span><\/h2>\n\n\n\n<h3 class=\"wp-block-heading\"><span class=\"ez-toc-section\" id=\"Trilhas_de_um_dia_hiking\"><\/span>Trilhas de um dia (hiking)<span class=\"ez-toc-section-end\"><\/span><\/h3>\n\n\n\n<p class=\"wp-block-paragraph\">\u00c9 o uso mais cl\u00e1ssico: trilhas curtas ou m\u00e9dias, em que voc\u00ea n\u00e3o precisa levar barraca, saco de dormir ou cozinha port\u00e1til. Ela carrega o essencial com conforto e ventila\u00e7\u00e3o.<\/p>\n\n\n\n<h3 class=\"wp-block-heading\"><span class=\"ez-toc-section\" id=\"Passeios_durante_o_mochilao\"><\/span>Passeios durante o mochil\u00e3o<span class=\"ez-toc-section-end\"><\/span><\/h3>\n\n\n\n<p class=\"wp-block-paragraph\">Sabe aquele recorrido\/tour pela cidade? Em vez de sair com a cargueira, voc\u00ea leva s\u00f3 a mochila de ataque.<\/p>\n\n\n\n<h3 class=\"wp-block-heading\"><span class=\"ez-toc-section\" id=\"Bagagem_pessoal_no_aviao\"><\/span>Bagagem pessoal no avi\u00e3o<span class=\"ez-toc-section-end\"><\/span><\/h3>\n\n\n\n<p class=\"wp-block-paragraph\">A maioria das mochilas de ataque cabe como <strong>bagagem pessoal<\/strong>, ficando embaixo do assento do avi\u00e3o. \u00c9 perfeita para levar documentos, eletr\u00f4nicos e objetos de valor. <\/p>\n\n\n\n<p class=\"wp-block-paragraph\">Para quem quer viajar somente com uma mochila &#8220;meio termo&#8221; durante toda a viagem \u00e9 melhor escolher uma das op\u00e7\u00f5es do nosso artigo sobre <a href=\"https:\/\/www.mochileiros.com\/blog\/mochilas-bagagem-de-mao\">mochilas pra viajar de avi\u00e3o s\u00f3 com a bagagem de m\u00e3o<\/a>.<\/p>\n\n\n\n<p class=\"wp-block-paragraph\">A mochila de ataque seria um &#8220;complemento&#8221; \u00e0 <a href=\"https:\/\/www.mochileiros.com\/blog\/mochila-cargueira\">mochila cargueira<\/a> ou \u00e0 uma que sirva como bagagem de m\u00e3o.<\/p>\n\n\n\n<h3 class=\"wp-block-heading\"><span class=\"ez-toc-section\" id=\"Uso_urbano\"><\/span>Uso urbano<span class=\"ez-toc-section-end\"><\/span><\/h3>\n\n\n\n<p class=\"wp-block-paragraph\">Muita gente usa como mochila de trabalho ou faculdade. Elas costumam ser leves, confort\u00e1veis e terem bolsos de acesso r\u00e1pido.<\/p>\n\n\n\n<h3 class=\"wp-block-heading\"><span class=\"ez-toc-section\" id=\"Ciclismo_corridas_de_montanha_e_atividades_outdoor_leves\"><\/span>Ciclismo, corridas de montanha e atividades outdoor leves<span class=\"ez-toc-section-end\"><\/span><\/h3>\n\n\n\n<p class=\"wp-block-paragraph\">Alguns modelos t\u00eam fixa\u00e7\u00e3o para mangueira de hidrata\u00e7\u00e3o e costado respir\u00e1vel, ideais para atividades de movimento constante.<\/p>\n\n\n\n<h2 class=\"wp-block-heading\"><span class=\"ez-toc-section\" id=\"Mochilas_de_ataque_cargueira_casual_e_tatica_%E2%80%93_elimine_qualquer_confusao\"><\/span>Mochilas de ataque, cargueira, casual e t\u00e1tica &#8211; elimine qualquer confus\u00e3o<span class=\"ez-toc-section-end\"><\/span><\/h2>\n\n\n\n<h3 class=\"wp-block-heading\"><span class=\"ez-toc-section\" id=\"Mochila_de_ataque_10%E2%80%9330_L\"><\/span>Mochila de ataque (10\u201330 L)<span class=\"ez-toc-section-end\"><\/span><\/h3>\n\n\n\n<p class=\"wp-block-paragraph\">&#8211; Leve, compacta.<br \/>&#8211; Para trilhas e passeios curtos.<br \/>&#8211; Boa ventila\u00e7\u00e3o e ergonomia.<br \/>&#8211; Organiza\u00e7\u00e3o essencial.<\/p>\n\n\n\n<h3 class=\"wp-block-heading\"><span class=\"ez-toc-section\" id=\"Mochila_cargueira_50%E2%80%9380_L\"><\/span>Mochila cargueira (50\u201380 L)<span class=\"ez-toc-section-end\"><\/span><\/h3>\n\n\n\n<p class=\"wp-block-paragraph\">Para travessias, mochil\u00e3o e viagens longas. <br \/>Voc\u00ea pode conferir tudo sobre <a href=\"https:\/\/www.mochileiros.com\/blog\/mochila-cargueira\">mochila cargueira<\/a> no guia completo que a gente publicou.<\/p>\n\n\n\n<h3 class=\"wp-block-heading\"><span class=\"ez-toc-section\" id=\"Mochila_urbanacasual\"><\/span>Mochila urbana\/casual<span class=\"ez-toc-section-end\"><\/span><\/h3>\n\n\n\n<p class=\"wp-block-paragraph\">&#8211; Focada em notebooks e uso di\u00e1rio, por exemplo.<br \/>&#8211; Geralmente n\u00e3o tem ventila\u00e7\u00e3o, barrigueira ou estrutura para trilha.<br \/>&#8211; O material geralmente n\u00e3o \u00e9 resistente \u00e0 abras\u00e3o.<\/p>\n\n\n\n<h3 class=\"wp-block-heading\"><span class=\"ez-toc-section\" id=\"Mochila_taticamilitar\"><\/span>Mochila t\u00e1tica\/militar<span class=\"ez-toc-section-end\"><\/span><\/h3>\n\n\n\n<p class=\"wp-block-paragraph\">&#8211; Voltada para <a href=\"https:\/\/pt.wikipedia.org\/wiki\/Sobrevivencialismo\" target=\"_blank\" rel=\"noopener\">sobrevivencialismo<\/a>, atividades t\u00e1ticas e aventuras intensas.<br \/>&#8211; Pode servir para trilhas, mas costuma ser mais pesada.<br \/>&#8211; \u00c9 resistente, cheia de bolsos e m\u00f3dulos.<\/p>\n\n\n\n<h3 class=\"wp-block-heading\"><span class=\"ez-toc-section\" id=\"Mochila_de_ataque_dobravel_packable\"><\/span>Mochila de ataque dobr\u00e1vel (packable)<span class=\"ez-toc-section-end\"><\/span><\/h3>\n\n\n\n<p class=\"wp-block-paragraph\">&#8211; Ultraleve e compacta. Cabe no pr\u00f3prio bolso.<br \/>&#8211; Ideal para passeios r\u00e1pidos, compras pequenas e leves e caminhadas leves.<br \/>&#8211; \u26a0\ufe0f Menos estrutura, resist\u00eancia e durabilidade que uma mochila de ataque convencional.<\/p>\n\n\n\n<h2 class=\"wp-block-heading\"><span class=\"ez-toc-section\" id=\"Quantos_litros_deve_ter_uma_mochila_de_ataque\"><\/span>Quantos litros deve ter uma mochila de ataque?<span class=\"ez-toc-section-end\"><\/span><\/h2>\n\n\n\n<p class=\"wp-block-paragraph\">A litragem ideal depende do tipo de atividade:<\/p>\n\n\n\n<h2 class=\"wp-block-heading\"><span class=\"ez-toc-section\" id=\"Ate_15_L\"><\/span>At\u00e9 15 L<span class=\"ez-toc-section-end\"><\/span><\/h2>\n\n\n\n<p class=\"wp-block-paragraph\">&#8211; Caminhadas curt\u00edssimas.<br \/>&#8211; Uso urbano minimalista.<\/p>\n\n\n\n<h3 class=\"wp-block-heading\"><span class=\"ez-toc-section\" id=\"Mochila_Twin_12L_Curtlo\"><\/span><a href=\"https:\/\/amzn.to\/3KGdIZg\" target=\"_blank\" rel=\"noopener\">Mochila Twin 12L, Curtlo<\/a><span class=\"ez-toc-section-end\"><\/span><\/h3>\n\n\n\n<p class=\"wp-block-paragraph\">Mochila com capacidade de 12L, possui compartimento \u00fanico com ampla abertura cem z\u00edper YKK; bolsos frontal e laterais de f\u00e1cil acesso com ajuste de tamanho em velcro. Confeccionada em tecido resistente \u00e0 \u00e1gua (resistente, n\u00e3o imperme\u00e1vel).<br \/>De acordo com o fabricante &#8220;este modelo j\u00e1 vem com loops laterais que possibilitam prend\u00ea-la em uma cargueira. Indicada para uso urbano, ciclismo e pequenas caminhadas; pelo seu tamanho, tamb\u00e9m pode ser utilizada por crian\u00e7as.&#8221; (Tamb\u00e9m dispon\u00edvel na cor preta).<\/p>\n\n\n\n<figure class=\"wp-block-image size-full\"><a href=\"https:\/\/amzn.to\/3KGdIZg\" target=\"_blank\" rel=\"noopener\"><img loading=\"lazy\" decoding=\"async\" width=\"569\" height=\"810\" src=\"https:\/\/www.mochileiros.com\/blog\/wp-content\/uploads\/2025\/12\/ataque_curtlo12L.jpg\" alt=\"\" class=\"wp-image-75536\" srcset=\"https:\/\/www.mochileiros.com\/blog\/wp-content\/uploads\/2025\/12\/ataque_curtlo12L.jpg 569w, https:\/\/www.mochileiros.com\/blog\/wp-content\/uploads\/2025\/12\/ataque_curtlo12L-211x300.jpg 211w\" sizes=\"auto, (max-width: 569px) 100vw, 569px\" \/><\/a><figcaption class=\"wp-element-caption\"><em>Foto: Divulga\u00e7\u00e3o\/Amazon.com.br<\/em><\/figcaption><\/figure>\n\n\n\n<p class=\"wp-block-paragraph\"><\/p>\n\n\n\n<h3 class=\"wp-block-heading\"><span class=\"ez-toc-section\" id=\"Mochila_de_Trilha_50_Arpenaz_Quechua_10L\"><\/span><a href=\"https:\/\/tidd.ly\/48Heg9f\" target=\"_blank\" rel=\"noopener\">Mochila de Trilha 50 Arpenaz Quechua 10L<\/a><span class=\"ez-toc-section-end\"><\/span><\/h3>\n\n\n\n<p class=\"wp-block-paragraph\">Segundo o fabricante essa mochila foi constru\u00edda com material resistente e costuras refor\u00e7adas e possui compartimentos bem organizados para acomodar os pertences com efici\u00eancia. Ideal para caminhadas curtas, passeios urbanos ou uso di\u00e1rio.<br \/><em>Dispon\u00edvel na <a href=\"https:\/\/amzn.to\/4pnykVm\" target=\"_blank\" rel=\"noopener\">Amazon<\/a> e na <a href=\"https:\/\/tidd.ly\/48Heg9f\" target=\"_blank\" rel=\"noopener\">Decathlon<\/a>.<\/em><\/p>\n\n\n\n<figure class=\"wp-block-image size-full\"><a href=\"https:\/\/tidd.ly\/48Heg9f\" target=\"_blank\" rel=\"noopener\"><img loading=\"lazy\" decoding=\"async\" width=\"303\" height=\"473\" src=\"https:\/\/www.mochileiros.com\/blog\/wp-content\/uploads\/2025\/12\/ataque_quechua10L-1.jpg\" alt=\"\" class=\"wp-image-75545\" srcset=\"https:\/\/www.mochileiros.com\/blog\/wp-content\/uploads\/2025\/12\/ataque_quechua10L-1.jpg 303w, https:\/\/www.mochileiros.com\/blog\/wp-content\/uploads\/2025\/12\/ataque_quechua10L-1-192x300.jpg 192w\" sizes=\"auto, (max-width: 303px) 100vw, 303px\" \/><\/a><figcaption class=\"wp-element-caption\"><em>Foto: Divulga\u00e7\u00e3o.<\/em><\/figcaption><\/figure>\n\n\n\n<h3 class=\"wp-block-heading\"><span class=\"ez-toc-section\" id=\"Mochila_Compacta_Dobravel_Naturehike_18L\"><\/span><a href=\"https:\/\/amzn.to\/3KAcbDW\" target=\"_blank\" rel=\"noopener\">Mochila Compacta Dobr\u00e1vel Naturehike 18L<\/a><span class=\"ez-toc-section-end\"><\/span><\/h3>\n\n\n\n<p class=\"wp-block-paragraph\">Essa n\u00e3o \u00e9 uma mochila de ataque convencional. \u00c9 uma mochila de ataque dobr\u00e1vel.<br \/>Tem a vantagem de ser ultraleve e super compacta, mas \u00e9 preciso levar em conta que ela n\u00e3o tem a mesma estrutura, conforto e resist\u00eancia para trilhas e passeios do dia como uma mochila de ataque tradicional. De qualquer maneira atende bem algumas situa\u00e7\u00f5es. Antes de comprar, avalie se \u00e9 o seu caso.<br \/>Feita em Nylon 30D Cordura, \u00e9 resistente \u00e0 \u00e1gua (n\u00e3o imperme\u00e1vel), tem al\u00e7as respir\u00e1veis e capacidade para 18L. (Dispon\u00edvel tamb\u00e9m em outras 5 cores diferentes, <a href=\"https:\/\/amzn.to\/3KAcbDW\" target=\"_blank\" rel=\"noopener\">na Amazon<\/a>).<\/p>\n\n\n\n<figure class=\"wp-block-image size-large\"><a href=\"https:\/\/amzn.to\/3KAcbDW\" target=\"_blank\" rel=\"noopener\"><img loading=\"lazy\" decoding=\"async\" width=\"922\" height=\"1024\" src=\"https:\/\/www.mochileiros.com\/blog\/wp-content\/uploads\/2025\/12\/ataque_naturehike18L-922x1024.jpg\" alt=\"\" class=\"wp-image-75548\" srcset=\"https:\/\/www.mochileiros.com\/blog\/wp-content\/uploads\/2025\/12\/ataque_naturehike18L-922x1024.jpg 922w, https:\/\/www.mochileiros.com\/blog\/wp-content\/uploads\/2025\/12\/ataque_naturehike18L-270x300.jpg 270w, https:\/\/www.mochileiros.com\/blog\/wp-content\/uploads\/2025\/12\/ataque_naturehike18L-768x853.jpg 768w, https:\/\/www.mochileiros.com\/blog\/wp-content\/uploads\/2025\/12\/ataque_naturehike18L.jpg 1161w\" sizes=\"auto, (max-width: 922px) 100vw, 922px\" \/><\/a><figcaption class=\"wp-element-caption\"><em>Foto: Divulga\u00e7\u00e3o\/Amazon.com.br<\/em><\/figcaption><\/figure>\n\n\n\n<h2 class=\"wp-block-heading\"><span class=\"ez-toc-section\" id=\"De_20%E2%80%9325_L_faixa_mais_versatil\"><\/span>De 20\u201325 L (faixa mais vers\u00e1til)<span class=\"ez-toc-section-end\"><\/span><\/h2>\n\n\n\n<p class=\"wp-block-paragraph\">&#8211; Trilhas de um dia.<br \/>&#8211; City tours.<br \/>&#8211; Mochil\u00e3o (para usar como daypack).<br \/>&#8211; Para carregar algum snack, c\u00e2mera, \u00e1gua etc.<\/p>\n\n\n\n<h3 class=\"wp-block-heading\"><span class=\"ez-toc-section\" id=\"Mochila_Daylite_Plus_Osprey_20L\"><\/span><a href=\"https:\/\/amzn.to\/3KtSRIG\" target=\"_blank\" rel=\"noopener\">Mochila Daylite Plus Osprey 20L<\/a><span class=\"ez-toc-section-end\"><\/span><\/h3>\n\n\n\n<p class=\"wp-block-paragraph\">Com design vers\u00e1ril e leve, essa mochila da Osprey com capacidade de 20L serve como mochila de ataque para viagem e tamb\u00e9m para o dia dia, para carregar um notebook (pequeno), j\u00e1 que tem capa acolchoada o organiza\u00e7\u00e3o para cabos, canetas e pequenos itens. Al\u00e9m de tecnologia que mant\u00e9m as costas frescas, t\u00eam bolsos laterais de malha para garrafa de \u00e1gua, bolso frontal el\u00e1stico e um com z\u00edper e clipe.<br \/><a href=\"https:\/\/amzn.to\/3KtSRIG\" target=\"_blank\" rel=\"noopener\">Na Amazon<\/a>, voc\u00ea pode conferir v\u00e1rias cores dispon\u00edveis. O pre\u00e7o varia de acordo com elas.<\/p>\n\n\n\n<figure class=\"wp-block-image size-full\"><a href=\"https:\/\/amzn.to\/3KtSRIG\" target=\"_blank\" rel=\"noopener\"><img loading=\"lazy\" decoding=\"async\" width=\"447\" height=\"606\" src=\"https:\/\/www.mochileiros.com\/blog\/wp-content\/uploads\/2025\/12\/ataque_osprey14L-1.jpg\" alt=\"\" class=\"wp-image-75528\" srcset=\"https:\/\/www.mochileiros.com\/blog\/wp-content\/uploads\/2025\/12\/ataque_osprey14L-1.jpg 447w, https:\/\/www.mochileiros.com\/blog\/wp-content\/uploads\/2025\/12\/ataque_osprey14L-1-221x300.jpg 221w\" sizes=\"auto, (max-width: 447px) 100vw, 447px\" \/><\/a><figcaption class=\"wp-element-caption\"><em>Foto: Divulga\u00e7\u00e3o\/Amazon.com.br<\/em><\/figcaption><\/figure>\n\n\n\n<h3 class=\"wp-block-heading\"><span class=\"ez-toc-section\" id=\"Mochila_Deuter_para_hiking_23L\"><\/span><a href=\"https:\/\/amzn.to\/446hcLi\" target=\"_blank\" rel=\"noopener\">Mochila Deuter para hiking, 23L<\/a><span class=\"ez-toc-section-end\"><\/span><\/h3>\n\n\n\n<p class=\"wp-block-paragraph\">Mochila leve e ergon\u00f4mica, com capacidade de at\u00e9 23L. Sistema para ventila\u00e7\u00e3o, barrigueira ajust\u00e1vel e com compartimentos e suporte para \u00f3culos; conta com bolsos laterais.<br \/>De acordo com o fabricante, \u00e9 compat\u00edvel com hidrata\u00e7\u00e3o e tem suporte para bast\u00e3o de caminhada.<\/p>\n\n\n\n<figure class=\"wp-block-image size-large\"><a href=\"https:\/\/amzn.to\/446hcLi\" target=\"_blank\" rel=\"noopener\"><img loading=\"lazy\" decoding=\"async\" width=\"748\" height=\"1024\" src=\"https:\/\/www.mochileiros.com\/blog\/wp-content\/uploads\/2025\/12\/ataque_deuter23L-1-748x1024.jpg\" alt=\"\" class=\"wp-image-75531\" srcset=\"https:\/\/www.mochileiros.com\/blog\/wp-content\/uploads\/2025\/12\/ataque_deuter23L-1-748x1024.jpg 748w, https:\/\/www.mochileiros.com\/blog\/wp-content\/uploads\/2025\/12\/ataque_deuter23L-1-219x300.jpg 219w, https:\/\/www.mochileiros.com\/blog\/wp-content\/uploads\/2025\/12\/ataque_deuter23L-1-768x1051.jpg 768w, https:\/\/www.mochileiros.com\/blog\/wp-content\/uploads\/2025\/12\/ataque_deuter23L-1.jpg 1096w\" sizes=\"auto, (max-width: 748px) 100vw, 748px\" \/><\/a><figcaption class=\"wp-element-caption\"><em>Foto: Divulga\u00e7\u00e3o\/Amazon.com.br<\/em><\/figcaption><\/figure>\n\n\n\n<h3 class=\"wp-block-heading\"><span class=\"ez-toc-section\" id=\"Mochila_Gavea_25L_NTK_Nautika\"><\/span><a href=\"https:\/\/amzn.to\/4pQUGyc\" target=\"_blank\" rel=\"noopener\">Mochila G\u00e1vea 25L, NTK (Nautika)<\/a><span class=\"ez-toc-section-end\"><\/span><\/h3>\n\n\n\n<p class=\"wp-block-paragraph\">De acordo com a fabricante \u00e9 feita em material dur\u00e1vel em Ripstop. Conectores em PVC e ABS garantem resist\u00eancia. Possui ajustes peitorais e na barriga, al\u00e9m de sistema para conforto e ventila\u00e7\u00e3o. Tem bolsos laterais para garrafas, compartimento para notebook, 2 compartimentos internos, sa\u00edda para fone de ouvido e passadores externos para acess\u00f3rios. N\u00e3o vem com capa de chuva.<\/p>\n\n\n\n<figure class=\"wp-block-image size-full\"><a href=\"https:\/\/amzn.to\/4pQUGyc\" target=\"_blank\" rel=\"noopener\"><img loading=\"lazy\" decoding=\"async\" width=\"605\" height=\"818\" src=\"https:\/\/www.mochileiros.com\/blog\/wp-content\/uploads\/2025\/12\/ataque_ntk25L.jpg\" alt=\"\" class=\"wp-image-75551\" srcset=\"https:\/\/www.mochileiros.com\/blog\/wp-content\/uploads\/2025\/12\/ataque_ntk25L.jpg 605w, https:\/\/www.mochileiros.com\/blog\/wp-content\/uploads\/2025\/12\/ataque_ntk25L-222x300.jpg 222w\" sizes=\"auto, (max-width: 605px) 100vw, 605px\" \/><\/a><figcaption class=\"wp-element-caption\"><em>Foto: Divulga\u00e7\u00e3o\/Amazon.com.br<\/em><\/figcaption><\/figure>\n\n\n\n<p class=\"wp-block-paragraph\"><\/p>\n\n\n\n<h3 class=\"wp-block-heading\"><span class=\"ez-toc-section\" id=\"Mochila_dobravel_Trip_23L_Curtlo\"><\/span><a href=\"https:\/\/amzn.to\/4iG8zNf\" target=\"_blank\" rel=\"noopener\">Mochila dobr\u00e1vel Trip 23L, Curtlo<\/a><span class=\"ez-toc-section-end\"><\/span><\/h3>\n\n\n\n<p class=\"wp-block-paragraph\">Mais barata que o modelo de 23L apresentado mais acima, essa mochila Curtlo <em>n\u00e3o \u00e9 uma mochila de ataque convencional.<\/em> \u00c9 uma mochila de ataque dobr\u00e1vel. Ela \u00e9 ultraleve e compacta, para usos r\u00e1pidos, n\u00e3o tem a mesma estrutura, conforto e resist\u00eancia para trilhas e passeios do dia como a de ataque convencional, mas pode atender bem a alguns viajantes. Avalie se \u00e9 o seu caso.<br \/>Um detalhe: elas n\u00e3o costuma ter bolsos\/compartimentos, o que pode ser desconfort\u00e1vel para os mais organizados. <\/p>\n\n\n\n<figure class=\"wp-block-image size-full\"><a href=\"https:\/\/amzn.to\/4iG8zNf\" target=\"_blank\" rel=\"noopener\"><img loading=\"lazy\" decoding=\"async\" width=\"519\" height=\"916\" src=\"https:\/\/www.mochileiros.com\/blog\/wp-content\/uploads\/2025\/12\/curtlodobravel_23L.jpg\" alt=\"\" class=\"wp-image-75532\" srcset=\"https:\/\/www.mochileiros.com\/blog\/wp-content\/uploads\/2025\/12\/curtlodobravel_23L.jpg 519w, https:\/\/www.mochileiros.com\/blog\/wp-content\/uploads\/2025\/12\/curtlodobravel_23L-170x300.jpg 170w\" sizes=\"auto, (max-width: 519px) 100vw, 519px\" \/><\/a><figcaption class=\"wp-element-caption\"><em>Foto: Divulga\u00e7\u00e3o\/Amazon.com.br<\/em><\/figcaption><\/figure>\n\n\n\n<p class=\"wp-block-paragraph\"><\/p>\n\n\n\n<h2 class=\"wp-block-heading\"><span class=\"ez-toc-section\" id=\"De_30%E2%80%9335_L\"><\/span>De 30\u201335 L<span class=\"ez-toc-section-end\"><\/span><\/h2>\n\n\n\n<p class=\"wp-block-paragraph\">&#8211; Trilhas longas de um dia.<br \/>&#8211; Atividades em clima frio (camadas extras ocupam volume).<br \/>&#8211; Passeios com equipamentos fotogr\u00e1ficos.<\/p>\n\n\n\n<h3 class=\"wp-block-heading\"><span class=\"ez-toc-section\" id=\"Mochila_Outsider_30L_Curtlo\"><\/span><a href=\"https:\/\/amzn.to\/3YaOQff\" target=\"_blank\" rel=\"noopener\">Mochila Outsider 30L, Curtlo<\/a><span class=\"ez-toc-section-end\"><\/span><\/h3>\n\n\n\n<p class=\"wp-block-paragraph\">Mochila em material tecidos resistentes \u00e0 \u00e1gua, abras\u00e3o e a rasgos. Inclui capa de chuva destac\u00e1vel embutida no fundo da mochila. Capacidade de 30L.<br \/>Possui compartimento principal com fechamento por z\u00edper YKK, com acesso para compartimento acolchoado para acomodar um notebook ou reservat\u00f3rio de \u00e1gua com sa\u00edda do tubo centralizada. Compartimento frontal com fechamento por z\u00edper, com acesso para bolso organizador e gancho para chave. Amplo bolso frontal externo, bolsos laterais telados, porta bast\u00e3o de trekking etc.<\/p>\n\n\n\n<figure class=\"wp-block-image size-full\"><a href=\"https:\/\/amzn.to\/3YaOQff\" target=\"_blank\" rel=\"noopener\"><img loading=\"lazy\" decoding=\"async\" width=\"1000\" height=\"1000\" src=\"https:\/\/www.mochileiros.com\/blog\/wp-content\/uploads\/2025\/12\/ataque_curtlo30L.jpg\" alt=\"\" class=\"wp-image-75554\" srcset=\"https:\/\/www.mochileiros.com\/blog\/wp-content\/uploads\/2025\/12\/ataque_curtlo30L.jpg 1000w, https:\/\/www.mochileiros.com\/blog\/wp-content\/uploads\/2025\/12\/ataque_curtlo30L-300x300.jpg 300w, https:\/\/www.mochileiros.com\/blog\/wp-content\/uploads\/2025\/12\/ataque_curtlo30L-150x150.jpg 150w, https:\/\/www.mochileiros.com\/blog\/wp-content\/uploads\/2025\/12\/ataque_curtlo30L-768x768.jpg 768w, https:\/\/www.mochileiros.com\/blog\/wp-content\/uploads\/2025\/12\/ataque_curtlo30L-80x80.jpg 80w\" sizes=\"auto, (max-width: 1000px) 100vw, 1000px\" \/><\/a><figcaption class=\"wp-element-caption\"><em>Foto: Divulga\u00e7\u00e3o\/Amazon.com.br<\/em><\/figcaption><\/figure>\n\n\n\n<h3 class=\"wp-block-heading\"><span class=\"ez-toc-section\" id=\"Mochila_Trailblazer_30L_Salomon\"><\/span><a href=\"https:\/\/amzn.to\/4pMIOx7\" target=\"_blank\" rel=\"noopener\">Mochila Trailblazer 30L, Salomon<\/a><span class=\"ez-toc-section-end\"><\/span><\/h3>\n\n\n\n<p class=\"wp-block-paragraph\">Possui compartimento para reservat\u00f3rio, barrigueira e peitoral e fivelas ajust\u00e1veis para gerenciamento de carga. (Dispon\u00edvel tamb\u00e9m em outras cores).<\/p>\n\n\n\n<figure class=\"wp-block-image size-full\"><a href=\"https:\/\/amzn.to\/4pMIOx7\" target=\"_blank\" rel=\"noopener\"><img loading=\"lazy\" decoding=\"async\" width=\"569\" height=\"708\" src=\"https:\/\/www.mochileiros.com\/blog\/wp-content\/uploads\/2025\/12\/ataque_salomon30L.jpg\" alt=\"\" class=\"wp-image-75557\" srcset=\"https:\/\/www.mochileiros.com\/blog\/wp-content\/uploads\/2025\/12\/ataque_salomon30L.jpg 569w, https:\/\/www.mochileiros.com\/blog\/wp-content\/uploads\/2025\/12\/ataque_salomon30L-241x300.jpg 241w\" sizes=\"auto, (max-width: 569px) 100vw, 569px\" \/><\/a><figcaption class=\"wp-element-caption\"><em>Foto: Divulga\u00e7\u00e3o\/Amazon.com.br<\/em><\/figcaption><\/figure>\n\n\n\n<p class=\"wp-block-paragraph\"><\/p>\n\n\n\n<h3 class=\"wp-block-heading\"><span class=\"ez-toc-section\" id=\"Mochila_Air_Lite_30L_Deuter\"><\/span><a href=\"https:\/\/amzn.to\/4rDxDss\" target=\"_blank\" rel=\"noopener\">Mochila Air Lite 30L, Deuter<\/a><span class=\"ez-toc-section-end\"><\/span><\/h3>\n\n\n\n<p class=\"wp-block-paragraph\">Tem sistema de ventila\u00e7\u00e3o avan\u00e7ado que ajuda manter o usu\u00e1rio livre de umidade durante longos per\u00edodos de uso. Tiras peitorais e bolsos laterais proporcionam conveni\u00eancia e acesso r\u00e1pido aos itens essenciais durante a jornada. Barrigueira ajust\u00e1vel e loops para bast\u00e3o de caminhada. Capacidade de 30L.<\/p>\n\n\n\n<figure class=\"wp-block-image size-full\"><a href=\"https:\/\/amzn.to\/4rDxDss\" target=\"_blank\" rel=\"noopener\"><img loading=\"lazy\" decoding=\"async\" width=\"788\" height=\"952\" src=\"https:\/\/www.mochileiros.com\/blog\/wp-content\/uploads\/2025\/12\/ataque_deuter30L.jpg\" alt=\"\" class=\"wp-image-75560\" srcset=\"https:\/\/www.mochileiros.com\/blog\/wp-content\/uploads\/2025\/12\/ataque_deuter30L.jpg 788w, https:\/\/www.mochileiros.com\/blog\/wp-content\/uploads\/2025\/12\/ataque_deuter30L-248x300.jpg 248w, https:\/\/www.mochileiros.com\/blog\/wp-content\/uploads\/2025\/12\/ataque_deuter30L-768x928.jpg 768w\" sizes=\"auto, (max-width: 788px) 100vw, 788px\" \/><\/a><figcaption class=\"wp-element-caption\"><em>Foto: Divulga\u00e7\u00e3o\/Amazon.com.br<\/em><\/figcaption><\/figure>\n\n\n\n<h3 class=\"wp-block-heading\"><span class=\"ez-toc-section\" id=\"Mochila_Trekking_35_Trilhas_Rumos\"><\/span><a href=\"https:\/\/amzn.to\/4pPHz0d\" target=\"_blank\" rel=\"noopener\">Mochila Trekking 35, Trilhas &amp; Rumos<\/a><span class=\"ez-toc-section-end\"><\/span><\/h3>\n\n\n\n<p class=\"wp-block-paragraph\">Feita em nylon e poli\u00e9ster, essa \u00e9 uma mochila de entrada. Possui costas acolchoadas, barrigueira, dois bolsos laterais e um frontal. Oferece acesso pelo fundo e pela tampa. N\u00e3o tem capa de chuva.<\/p>\n\n\n\n<figure class=\"wp-block-image size-full\"><a href=\"https:\/\/amzn.to\/4pPHz0d\" target=\"_blank\" rel=\"noopener\"><img loading=\"lazy\" decoding=\"async\" width=\"522\" height=\"866\" src=\"https:\/\/www.mochileiros.com\/blog\/wp-content\/uploads\/2025\/12\/ataque_trilhaserumos_35L.jpg\" alt=\"\" class=\"wp-image-75562\" srcset=\"https:\/\/www.mochileiros.com\/blog\/wp-content\/uploads\/2025\/12\/ataque_trilhaserumos_35L.jpg 522w, https:\/\/www.mochileiros.com\/blog\/wp-content\/uploads\/2025\/12\/ataque_trilhaserumos_35L-181x300.jpg 181w\" sizes=\"auto, (max-width: 522px) 100vw, 522px\" \/><\/a><figcaption class=\"wp-element-caption\"><em>Foto: Divulga\u00e7\u00e3o\/Amazon.com.br<\/em><\/figcaption><\/figure>\n\n\n\n<p class=\"wp-block-paragraph\"><\/p>\n\n\n\n<p class=\"wp-block-paragraph\">\u2728 Se voc\u00ea vai levar <strong>\u00e1gua + segunda camada + comida + c\u00e2mera<\/strong>, a faixa dos <strong>20 a 30 L<\/strong> \u00e9 a mais recomend\u00e1vel.<\/p>\n\n\n\n<p class=\"wp-block-paragraph\"><strong>\ud83d\udd0d Voc\u00ea pode conhecer <a href=\"https:\/\/amzn.to\/48HwE1S\" target=\"_blank\" rel=\"noopener\">outros modelos (de diferentes marcas) de mochilas de ataque<\/a>, comparar pre\u00e7os e ler avalia\u00e7\u00f5es de quem comprou, <a href=\"https:\/\/amzn.to\/48HwE1S\" target=\"_blank\" rel=\"noopener\">na Amazon.com.br<\/a>.<\/strong><\/p>\n\n\n\n<h2 class=\"wp-block-heading\"><span class=\"ez-toc-section\" id=\"Como_escolher_a_mochila_de_ataque_ideal\"><\/span>Como escolher a mochila de ataque ideal<span class=\"ez-toc-section-end\"><\/span><\/h2>\n\n\n\n<p class=\"wp-block-paragraph\">Aqui est\u00e1 o checklist que voc\u00ea deve consider antes de comprar a sua:<\/p>\n\n\n\n<h3 class=\"wp-block-heading\"><span class=\"ez-toc-section\" id=\"Conforto_e_ergonomia\"><\/span>Conforto e ergonomia<span class=\"ez-toc-section-end\"><\/span><\/h3>\n\n\n\n<p class=\"wp-block-paragraph\"><br \/>&#8211; Costado respir\u00e1vel;<br \/>&#8211; Al\u00e7as acolchoadas;<br \/>&#8211; Barrigueira (mesmo fina, j\u00e1 ajuda);<br \/>&#8211; Fita peitoral.<\/p>\n\n\n\n<h3 class=\"wp-block-heading\"><span class=\"ez-toc-section\" id=\"Organizacao_interna_e_externa\"><\/span>Organiza\u00e7\u00e3o interna e externa<span class=\"ez-toc-section-end\"><\/span><\/h3>\n\n\n\n<p class=\"wp-block-paragraph\">Procure modelos com:<\/p>\n\n\n\n<p class=\"wp-block-paragraph\">&#8211; bolso frontal de acesso r\u00e1pido;<br \/>&#8211; bolso lateral para \u00e1gua;<br \/>&#8211; bolso interno para documentos;<br \/>&#8211; compartimento para reservat\u00f3rio de hidrata\u00e7\u00e3o (opcional);<br \/>&#8211; loops externos para pendurar casaco, bast\u00e3o de trekking, capacete etc.<\/p>\n\n\n\n<h3 class=\"wp-block-heading\"><span class=\"ez-toc-section\" id=\"Resistencia_dos_materiais\"><\/span>Resist\u00eancia dos materiais<span class=\"ez-toc-section-end\"><\/span><\/h3>\n\n\n\n<p class=\"wp-block-paragraph\">Prefira:<\/p>\n\n\n\n<p class=\"wp-block-paragraph\">&#8211; uma feita com nylon 210D+, 420D ou ripstop; ou poli\u00e9ster de qualidade;<br \/>&#8211; que tenha costuras refor\u00e7adas; <br \/>&#8211; com z\u00edperes confi\u00e1veis (YKK ou equivalentes)<\/p>\n\n\n\n<p class=\"wp-block-paragraph\">\u26a0\ufe0f mochila barata demais geralmente tem o tecido fr\u00e1gil demais, as costuras n\u00e3o s\u00e3o refor\u00e7adas e o z\u00edper \u00e9 fraco.<\/p>\n\n\n\n<h3 class=\"wp-block-heading\"><span class=\"ez-toc-section\" id=\"Impermeabilidade\"><\/span>Impermeabilidade<span class=\"ez-toc-section-end\"><\/span><\/h3>\n\n\n\n<p class=\"wp-block-paragraph\">Nem toda mochila \u00e9 \u00e0 prova d\u2019\u00e1gua. Priorize:<\/p>\n\n\n\n<p class=\"wp-block-paragraph\">&#8211; tecido resistente \u00e0 \u00e1gua;<br \/>&#8211; capa de chuva integrada ou avulsa. Voc\u00ea tamb\u00e9m pode ter um <a href=\"https:\/\/www.mochileiros.com\/blog\/saco-estanque\">saco estanque<\/a> pequeno para acomodar o que n\u00e3o pode molhar. <br \/>&#8211; fundo refor\u00e7ado.<\/p>\n\n\n\n<h3 class=\"wp-block-heading\"><span class=\"ez-toc-section\" id=\"Peso_da_mochila_vazia\"><\/span>Peso da mochila vazia<span class=\"ez-toc-section-end\"><\/span><\/h3>\n\n\n\n<p class=\"wp-block-paragraph\">Menos \u00e9 mais, desde que sem abrir m\u00e3o da estrutura.<\/p>\n\n\n\n<h3 class=\"wp-block-heading\"><span class=\"ez-toc-section\" id=\"Ajuste_ao_seu_uso_real\"><\/span>Ajuste ao seu uso real<span class=\"ez-toc-section-end\"><\/span><\/h3>\n\n\n\n<p class=\"wp-block-paragraph\">Por exemplo:<\/p>\n\n\n\n<p class=\"wp-block-paragraph\">&#8211; Viajar: 20\u201330 L;<br \/>&#8211; Trilhas curtas: 15\u201325 L;<br \/>&#8211; Clima frio: 25\u201335 L;<br \/>&#8211; Fotos\/v\u00eddeo: 25\u201330 L bem organizada<\/p>\n\n\n\n<h2 class=\"wp-block-heading\"><span class=\"ez-toc-section\" id=\"O_que_levar_na_mochila_de_ataque\"><\/span>O que levar na mochila de ataque<span class=\"ez-toc-section-end\"><\/span><\/h2>\n\n\n\n<p class=\"wp-block-paragraph\">Esse checklist atende praticamente todo perfil de viajante:<\/p>\n\n\n\n<p class=\"wp-block-paragraph\"><strong>Itens b\u00e1sicos:<\/strong><\/p>\n\n\n\n<ul class=\"wp-block-list\">\n<li>\u00c1gua (garrafa r\u00edgida ou flex\u00edvel)  &#8211; Saiba como escolher a melhor <a href=\"https:\/\/www.mochileiros.com\/blog\/garrafa-de-agua-para-viagem\">garrafa de \u00e1gua para viagem<\/a> no guia que publicamos.<\/li>\n\n\n\n<li>Lanche;<\/li>\n\n\n\n<li>Protetor solar e repelente;<\/li>\n\n\n\n<li>Jaqueta corta-vento;<\/li>\n\n\n\n<li>Camada t\u00e9rmica (se fizer frio);<\/li>\n\n\n\n<li>Documentos e dinheiro\/cart\u00f5es (para viagem);<\/li>\n\n\n\n<li>Kit primeiros socorros;<\/li>\n\n\n\n<li>Carregador port\u00e1til;<\/li>\n\n\n\n<li>Mapa offline do destino\/trilha;<\/li>\n<\/ul>\n\n\n\n<p class=\"wp-block-paragraph\"><strong>Extras \u00fateis<\/strong><\/p>\n\n\n\n<ul class=\"wp-block-list\">\n<li>Gorro, chap\u00e9u ou bon\u00e9;<\/li>\n\n\n\n<li>\u00d3culos escuros;<\/li>\n\n\n\n<li>Bast\u00e3o de trekking;<\/li>\n\n\n\n<li>Pequeno kit de higiene;<\/li>\n\n\n\n<li><a href=\"https:\/\/www.mochileiros.com\/blog\/saco-estanque\">Saco estanque<\/a> para proteger os eletr\u00f4nicos.<\/li>\n<\/ul>\n\n\n\n<h2 class=\"wp-block-heading\"><span class=\"ez-toc-section\" id=\"FAQ_%E2%80%93_Perguntas_mais_buscadas_sobre_mochila_de_ataque\"><\/span>FAQ \u2013 Perguntas mais buscadas sobre mochila de ataque<span class=\"ez-toc-section-end\"><\/span><\/h2>\n\n\n<div id=\"rank-math-faq\" class=\"rank-math-block\">\n<div class=\"rank-math-list \">\n<div id=\"faq-question-1764818056954\" class=\"rank-math-list-item\">\n<h3 class=\"rank-math-question \"><span class=\"ez-toc-section\" id=\"O_que_e_uma_mochila_de_ataque_e_por_que_esse_nome\"><\/span>O que \u00e9 uma mochila de ataque e por que esse nome?<span class=\"ez-toc-section-end\"><\/span><\/h3>\n<div class=\"rank-math-answer \">\n\n<p>\u00c9 uma mochila pequena e leve usada para trilhas e passeios curtos. O nome vem dos montanhistas, que usavam uma mochila menor para \u201catacar\u201d o cume.<\/p>\n\n<\/div>\n<\/div>\n<div id=\"faq-question-1764818084529\" class=\"rank-math-list-item\">\n<h3 class=\"rank-math-question \"><span class=\"ez-toc-section\" id=\"Mochila_de_ataque_tem_quantos_litros\"><\/span>Mochila de ataque tem quantos litros?<span class=\"ez-toc-section-end\"><\/span><\/h3>\n<div class=\"rank-math-answer \">\n\n<p>Geralmente entre 10 e 30 L, podendo chegar a 35 L para uso em clima frio, por exemplo.<\/p>\n\n<\/div>\n<\/div>\n<div id=\"faq-question-1764818135805\" class=\"rank-math-list-item\">\n<h3 class=\"rank-math-question \"><span class=\"ez-toc-section\" id=\"Qual_a_melhor_litragem_para_trilha_de_um_dia\"><\/span>Qual a melhor litragem para trilha de um dia?<span class=\"ez-toc-section-end\"><\/span><\/h3>\n<div class=\"rank-math-answer \">\n\n<p>Entre 20 e 30 L costuma ser a faixa mais vers\u00e1til.<\/p>\n\n<\/div>\n<\/div>\n<div id=\"faq-question-1764818159101\" class=\"rank-math-list-item\">\n<h3 class=\"rank-math-question \"><span class=\"ez-toc-section\" id=\"Qual_a_diferenca_entre_mochila_de_ataque_e_mochila_cargueira\"><\/span>Qual a diferen\u00e7a entre mochila de ataque e mochila cargueira?<span class=\"ez-toc-section-end\"><\/span><\/h3>\n<div class=\"rank-math-answer \">\n\n<p>A mochila de ataque \u00e9 compacta e pensada para levar s\u00f3 o essencial em atividades curtas. A <a href=\"https:\/\/www.mochileiros.com\/blog\/mochila-cargueira\">mochila cargueira<\/a> tem grande capacidade, costado estruturado e barrigueira ampla, desenvolvida para travessias, mochil\u00e3o e pernoites. S\u00e3o complementares: a cargueira &#8220;carrega tudo&#8221;; a de ataque acompanha os passeios do dia.<\/p>\n\n<\/div>\n<\/div>\n<div id=\"faq-question-1764818191401\" class=\"rank-math-list-item\">\n<h3 class=\"rank-math-question \"><span class=\"ez-toc-section\" id=\"Mochila_de_ataque_serve_para_viajar_de_aviao\"><\/span>Mochila de ataque serve para viajar de avi\u00e3o?<span class=\"ez-toc-section-end\"><\/span><\/h3>\n<div class=\"rank-math-answer \">\n\n<p>Alguns modelos servem como bagagem pessoal ou bagagem de m\u00e3o.<\/p>\n\n<\/div>\n<\/div>\n<div id=\"faq-question-1764818222739\" class=\"rank-math-list-item\">\n<h3 class=\"rank-math-question \"><span class=\"ez-toc-section\" id=\"Mochila_de_ataque_pode_ser_usada_na_cidade\"><\/span>Mochila de ataque pode ser usada na cidade?<span class=\"ez-toc-section-end\"><\/span><\/h3>\n<div class=\"rank-math-answer \">\n\n<p>Completamente. \u00c9 pr\u00e1tica para trabalho, faculdade e passeios.<\/p>\n\n<\/div>\n<\/div>\n<div id=\"faq-question-1764818245469\" class=\"rank-math-list-item\">\n<h3 class=\"rank-math-question \"><span class=\"ez-toc-section\" id=\"Como_saber_se_uma_mochila_de_ataque_e_boa\"><\/span>Como saber se uma mochila de ataque \u00e9 boa?<span class=\"ez-toc-section-end\"><\/span><\/h3>\n<div class=\"rank-math-answer \">\n\n<p>Avalie costuras, conforto, ventila\u00e7\u00e3o, resist\u00eancia do tecido e organiza\u00e7\u00e3o.<\/p>\n\n<\/div>\n<\/div>\n<div id=\"faq-question-1764818267876\" class=\"rank-math-list-item\">\n<h3 class=\"rank-math-question \"><span class=\"ez-toc-section\" id=\"Posso_usar_uma_mochila_urbana_como_mochila_de_ataque\"><\/span>Posso usar uma mochila urbana como mochila de ataque?<span class=\"ez-toc-section-end\"><\/span><\/h3>\n<div class=\"rank-math-answer \">\n\n<p>At\u00e9 pode, mas mochilas urbanas geralmente n\u00e3o t\u00eam ventila\u00e7\u00e3o, barrigueira ou resist\u00eancia ao atrito.<\/p>\n\n<\/div>\n<\/div>\n<div id=\"faq-question-1764967936619\" class=\"rank-math-list-item\">\n<h3 class=\"rank-math-question \"><span class=\"ez-toc-section\" id=\"Mochila_dobravel_substitui_uma_mochila_de_ataque_tradicional\"><\/span>Mochila dobr\u00e1vel substitui uma mochila de ataque tradicional?<span class=\"ez-toc-section-end\"><\/span><\/h3>\n<div class=\"rank-math-answer \">\n\n<p>N\u00e3o totalmente. A dobr\u00e1vel \u00e9 uma op\u00e7\u00e3o de mochila extra, mas a mochila de ataque tradicional oferece mais conforto, ventila\u00e7\u00e3o e suporte para trilhas ou atividades mais longas.<\/p>\n\n<\/div>\n<\/div>\n<div id=\"faq-question-1764968033688\" class=\"rank-math-list-item\">\n<h3 class=\"rank-math-question \"><span class=\"ez-toc-section\" id=\"Mochilas_dobraveis_sao_confortaveis_para_trilhas\"><\/span>Mochilas dobr\u00e1veis s\u00e3o confort\u00e1veis para trilhas?<span class=\"ez-toc-section-end\"><\/span><\/h3>\n<div class=\"rank-math-answer \">\n\n<p>Apenas para trilhas bem leves. Elas n\u00e3o t\u00eam costado estruturado, ventila\u00e7\u00e3o ou barrigueira, ent\u00e3o n\u00e3o s\u00e3o ideais para caminhadas mais exigentes.<\/p>\n\n<\/div>\n<\/div>\n<div id=\"faq-question-1764968112126\" class=\"rank-math-list-item\">\n<h3 class=\"rank-math-question \"><span class=\"ez-toc-section\" id=\"Quantos_litros_deve_ter_uma_mochila_de_ataque_dobravel\"><\/span>Quantos litros deve ter uma mochila de ataque dobr\u00e1vel?<span class=\"ez-toc-section-end\"><\/span><\/h3>\n<div class=\"rank-math-answer \">\n\n<p>A maioria varia de 10 a 20 litros, o que j\u00e1 \u00e9 suficiente para \u00e1gua, casaco leve, carteira e itens b\u00e1sicos de um passeio curto.<\/p>\n\n<\/div>\n<\/div>\n<div id=\"faq-question-1764818489949\" class=\"rank-math-list-item\">\n<h3 class=\"rank-math-question \"><span class=\"ez-toc-section\" id=\"Qual_a_diferenca_entre_hiking_e_trekking\"><\/span>Qual a diferen\u00e7a entre hiking e trekking?<span class=\"ez-toc-section-end\"><\/span><\/h3>\n<div class=\"rank-math-answer \">\n\n<p><strong>Hiking<\/strong> \u00e9 caminhada de um dia, em trilhas curtas ou m\u00e9dias, sem pernoite.<br \/><strong>Trekking<\/strong> \u00e9 caminhada de longa dura\u00e7\u00e3o, que geralmente envolve mais dias, maior preparo e pode incluir pernoite, travessias e terrenos mais desafiadores.<\/p>\n\n<\/div>\n<\/div>\n<\/div>\n<\/div>\n\n\n<p class=\"wp-block-paragraph\"><\/p>\n\n\n\n<p class=\"wp-block-paragraph\"><em>Este artigo cont\u00e9m links de afiliado para&nbsp;<a href=\"https:\/\/amzn.to\/4ayEJZ0\" target=\"_blank\" rel=\"noreferrer noopener\">Amazon.com.br<\/a>&nbsp;e <a href=\"https:\/\/tidd.ly\/4pngGRJ\" target=\"_blank\" rel=\"noopener\">Decathlon<\/a>.&nbsp;Ao comprar por aqui, voc\u00ea n\u00e3o paga nada a mais por isso, mas o Mochileiros.com pode receber uma pequena comiss\u00e3o, o que nos ajuda a manter o site no ar e trazer cada vez mais guias como este para voc\u00ea. Obrigado pelo apoio!<\/em>&nbsp;\ud83e\udec2<\/p>\n\n\n\n<p class=\"wp-block-paragraph\"><em>A foto que traz at\u00e9 este artigo \u00e9 de autoria de Rahul Pandit\/Pexels.<\/em><\/p>\n\n\n\n<p class=\"wp-block-paragraph\"><\/p>\n","protected":false},"excerpt":{"rendered":"<p>A mochila de ataque \u00e9 um dos equipamentos mais vers\u00e1teis para quem viaja ou faz trilhas. Leve, pr\u00e1tica e compacta, ela acompanha desde caminhadas curtas at\u00e9 passeios durante o mochil\u00e3o, funcionando como aquela mochila essencial para carregar s\u00f3 o que realmente importa, sem peso extra e sem complica\u00e7\u00e3o. Ela se tornou popular porque se adapta [&hellip;]<\/p>\n","protected":false},"author":55,"featured_media":75485,"comment_status":"open","ping_status":"closed","sticky":false,"template":"","format":"standard","meta":{"googlesitekit_rrm_CAoiELM5mIOjYRN0nfylq3_9r-8:productID":"","_crdt_document":"","_daim_seo_power":"","_daim_enable_ail":"","footnotes":""},"categories":[168],"tags":[36],"class_list":["post-75484","post","type-post","status-publish","format-standard","has-post-thumbnail","hentry","category-blog","tag-equipamentos"],"_links":{"self":[{"href":"https:\/\/www.mochileiros.com\/blog\/wp-json\/wp\/v2\/posts\/75484","targetHints":{"allow":["GET"]}}],"collection":[{"href":"https:\/\/www.mochileiros.com\/blog\/wp-json\/wp\/v2\/posts"}],"about":[{"href":"https:\/\/www.mochileiros.com\/blog\/wp-json\/wp\/v2\/types\/post"}],"author":[{"embeddable":true,"href":"https:\/\/www.mochileiros.com\/blog\/wp-json\/wp\/v2\/users\/55"}],"replies":[{"embeddable":true,"href":"https:\/\/www.mochileiros.com\/blog\/wp-json\/wp\/v2\/comments?post=75484"}],"version-history":[{"count":41,"href":"https:\/\/www.mochileiros.com\/blog\/wp-json\/wp\/v2\/posts\/75484\/revisions"}],"predecessor-version":[{"id":75594,"href":"https:\/\/www.mochileiros.com\/blog\/wp-json\/wp\/v2\/posts\/75484\/revisions\/75594"}],"wp:featuredmedia":[{"embeddable":true,"href":"https:\/\/www.mochileiros.com\/blog\/wp-json\/wp\/v2\/media\/75485"}],"wp:attachment":[{"href":"https:\/\/www.mochileiros.com\/blog\/wp-json\/wp\/v2\/media?parent=75484"}],"wp:term":[{"taxonomy":"category","embeddable":true,"href":"https:\/\/www.mochileiros.com\/blog\/wp-json\/wp\/v2\/categories?post=75484"},{"taxonomy":"post_tag","embeddable":true,"href":"https:\/\/www.mochileiros.com\/blog\/wp-json\/wp\/v2\/tags?post=75484"}],"curies":[{"name":"wp","href":"https:\/\/api.w.org\/{rel}","templated":true}]}}