{"id":8923,"date":"2013-05-30T22:55:12","date_gmt":"2013-05-31T01:55:12","guid":{"rendered":"https:\/\/www.mochileiros.com\/blog\/?p=8923"},"modified":"2015-11-02T09:49:12","modified_gmt":"2015-11-02T12:49:12","slug":"entrevista-com-o-explorador-yuri-leveratto","status":"publish","type":"post","link":"https:\/\/www.mochileiros.com\/blog\/entrevista-com-o-explorador-yuri-leveratto","title":{"rendered":"Entrevista com o explorador Yuri Leveratto"},"content":{"rendered":"<div style=\"text-align: justify;\">Mochileiro desde os 16, o italiano Yuri Leveratto \u00e9 um apaixonado por viagens que foi al\u00e9m, sua outra paix\u00e3o, a\u00a0explora\u00e7\u00e3o arqueol\u00f3gica, \u00a0o\u00a0levou por v\u00e1rios\u00a0destinos do mundo em busca de novas descobertas. Suas expedi\u00e7\u00f5es renderam, at\u00e9 o momento,\u00a0<a href=\"http:\/\/www.lulu.com\/shop\/search.ep?type=&amp;keyWords=yuri+leveratto&amp;x=8&amp;y=4&amp;sitesearch=lulu.com&amp;q=\" target=\"_blank\" rel=\"noopener\">8 livros<\/a>, v\u00eddeos (<a href=\"http:\/\/www.youtube.com\/user\/yurileveratto?feature=watch\" target=\"_blank\" rel=\"noopener\">canal no Youtube<\/a>) e o<a href=\"http:\/\/www.yurileveratto.com\/\" target=\"_blank\" rel=\"noopener\">\u00a0site<\/a>\u00a0onde ele conta algumas de suas experi\u00eancias.<\/div>\n<div style=\"text-align: justify;\"><\/div>\n<div style=\"text-align: justify;\">Nesta entrevista ele divide um pouco de sua hist\u00f3ria conosco e afirma: a Am\u00e9rica do Sul \u00e9 um tesouro inesgot\u00e1vel de vilas e tamb\u00e9m de restos arqueol\u00f3gicos ocultos \u00e0 espera de serem descobertos.<\/div>\n<div style=\"text-align: justify;\">Ele j\u00e1 se aventurou por \u00e1reas que podem virar bons roteiros para um mochil\u00e3o. Confira na entrevista.<\/div>\n<p style=\"text-align: justify;\"><strong><br \/>\n<\/strong><\/p>\n<div id=\"attachment_9259\" style=\"width: 1034px\" class=\"wp-caption alignnone\"><a href=\"https:\/\/www.mochileiros.com\/blog\/wp-content\/uploads\/2013\/05\/Gruppo-Lago-Angel.jpg\"><img loading=\"lazy\" decoding=\"async\" aria-describedby=\"caption-attachment-9259\" class=\"  wp-image-9259\" src=\"https:\/\/www.mochileiros.com\/blog\/wp-content\/uploads\/2013\/05\/Gruppo-Lago-Angel.jpg\" alt=\"Expedi\u00e7\u00e3o \u00e0s fontes do Rio Alto Timp\u00eda. - Foto: Arquivo pessoal\" width=\"1024\" height=\"768\" srcset=\"https:\/\/www.mochileiros.com\/blog\/wp-content\/uploads\/2013\/05\/Gruppo-Lago-Angel.jpg 667w, https:\/\/www.mochileiros.com\/blog\/wp-content\/uploads\/2013\/05\/Gruppo-Lago-Angel-300x225.jpg 300w, https:\/\/www.mochileiros.com\/blog\/wp-content\/uploads\/2013\/05\/Gruppo-Lago-Angel-313x235.jpg 313w, https:\/\/www.mochileiros.com\/blog\/wp-content\/uploads\/2013\/05\/Gruppo-Lago-Angel-20x15.jpg 20w\" sizes=\"auto, (max-width: 1024px) 100vw, 1024px\" \/><\/a><p id=\"caption-attachment-9259\" class=\"wp-caption-text\">Expedi\u00e7\u00e3o \u00e0s fontes do Rio Alto Timp\u00eda. &#8211; Foto: Arquivo pessoal<\/p><\/div>\n<p style=\"text-align: justify;\"><strong>MB &#8211; Como e quando come\u00e7ou seu interesse pelas explora\u00e7\u00f5es arqueol\u00f3gicas, quantas expedi\u00e7\u00f5es j\u00e1 fez com esse objetivo e quais foram os destinos?<\/strong><\/p>\n<p style=\"text-align: justify;\">Na realidade meu interesse pela busca arqueol\u00f3gica come\u00e7ou h\u00e1 muito tempo, mas foi a partir de 2006 que comecei a organizar expedi\u00e7\u00f5es em zonas remotas das selvas da Am\u00e9rica do Sul e nos Andes, visando a busca arqueol\u00f3gica num trabalho de campo com povos ind\u00edgenas. Fiz at\u00e9 agora, 18 expedi\u00e7\u00f5es em 4 diferentes pa\u00edses sulamericanos: Col\u00f4mbia, Peru, Bol\u00edvia e Brasil.<\/p>\n<p style=\"text-align: justify;\"><strong><br \/>\nMB &#8211; Al\u00e9m de explora\u00e7\u00f5es voc\u00ea tamb\u00e9m j\u00e1 fez viagens pelo mundo, no estilo Mochila nas Costas e P\u00e9 na Estrada? Se sim, quantos pa\u00edses voc\u00ea conhece, qual foi sua \u00faltima viagem e qual a que mais lhe impressionou e por qu\u00ea? \u00a0Dos destinos que conheceu, para qual pretende voltar? Por que?<\/strong><\/p>\n<p style=\"text-align: justify;\">Comecei a viajar como mochileiro em 1984, quando eu tinha 16 anos de idade. Minha primeira viagem foi \u00e0 Espanha e depois \u00e0 Gr\u00e9cia e Turquia.<br \/>\nEm 1977 viajei tamb\u00e9m como mochileiro \u00e0 \u00cdndia &#8211; em uma viagem aventureira at\u00e9 Varanasi, cidade sagrada para os hindus.<br \/>\nA viagem mais longa da minha vida foi feita em 2002, por terra, de Singapura \u00e0 G\u00eanova (It\u00e1lia). Nesta viagem atravessei mais de 15 pa\u00edses, entre eles Indonesia, Vietn\u00e3, China, Mong\u00f3lia e R\u00fassia. Voltei \u00e0 Europa com o famoso trem &#8216;Transiberiano&#8217; e conheci v\u00e1rias cidades russas, entre elas Caz\u00e1n, Moscou e S\u00e3o Petesburgo.<br \/>\nTamb\u00e9m tive a oportunidade de viajar \u00e0 trabalho. Trabalhei em barcos de cruzeiro durante 6 anos. Nestas viagens, sobretudo na Am\u00e9rica e \u00c1frica pude conhecer mais de 90 pa\u00edses; mas como tinha pouco tempo livre, conhe\u00e7o mais os principais portos.<\/p>\n<div id=\"attachment_9023\" style=\"width: 1034px\" class=\"wp-caption alignnone\"><a href=\"https:\/\/www.mochileiros.com\/blog\/wp-content\/uploads\/2013\/05\/Miraflores1.jpg\"><img loading=\"lazy\" decoding=\"async\" aria-describedby=\"caption-attachment-9023\" class=\"  wp-image-9023\" src=\"https:\/\/www.mochileiros.com\/blog\/wp-content\/uploads\/2013\/05\/Miraflores1.jpg\" alt=\"Yuri nas ru\u00ednas da cidade perdida de Miraflores, Peru - Foto: Yuri Leveratto\" width=\"1024\" height=\"768\" srcset=\"https:\/\/www.mochileiros.com\/blog\/wp-content\/uploads\/2013\/05\/Miraflores1.jpg 667w, https:\/\/www.mochileiros.com\/blog\/wp-content\/uploads\/2013\/05\/Miraflores1-300x225.jpg 300w, https:\/\/www.mochileiros.com\/blog\/wp-content\/uploads\/2013\/05\/Miraflores1-313x235.jpg 313w, https:\/\/www.mochileiros.com\/blog\/wp-content\/uploads\/2013\/05\/Miraflores1-20x15.jpg 20w\" sizes=\"auto, (max-width: 1024px) 100vw, 1024px\" \/><\/a><p id=\"caption-attachment-9023\" class=\"wp-caption-text\">Yuri nas ru\u00ednas da cidade perdida de Miraflores, Peru &#8211; Foto: Yuri Leveratto<\/p><\/div>\n<p style=\"text-align: justify;\"><strong><br \/>\nMB- Nos fale um pouco de sua carreira como escritor. Quantos livros tem publicado e sobre quais temas? Quais deles tratam sobre as expedi\u00e7\u00f5es?\u00a0<\/strong><br \/>\n<strong>Onde podem ser adquiridos? Est\u00e3o em quais idiomas e podem ser adquiridos no Brasil?<\/strong><\/p>\n<p style=\"text-align: justify;\">Publiquei 8 livros at\u00e9 o momento. 4 deles relacionados \u00e0 busca hist\u00f3rica e arqueol\u00f3gica: &#8220;En busca de El Dorado&#8221;, &#8220;1542 Los primeros navegantes del Rio Amazonas&#8221;, &#8220;Cr\u00f3nicas ind\u00edgenas del Nuevo Mundo&#8221; e &#8220;Exploraciones en Am\u00e9rica del Sur 2006-2011&#8221;. Somente este \u00faltimo est\u00e1 traduzido para o portugu\u00eas e pode ser adquirido no pa\u00eds no portal <a href=\"http:\/\/www.lulu.com\/shop\/yuri-leveratto\/explora%C3%A7oes-na-am%C3%A9rica-do-sul-2006-2011\/paperback\/product-20926593.html\" target=\"_blank\" rel=\"noopener\">Lulu.com<\/a>.<\/p>\n<p><strong>MB &#8211; Nos fale um pouco sobre o livro &#8221; Exploraciones en Am\u00e9rica del Sur 2006-2011&#8243;.<\/strong><\/p>\n<p style=\"text-align: justify;\">No livro &#8220;Exploraciones en Am\u00e9rica del Sur 2006-2011&#8221; [<a href=\"http:\/\/www.lulu.com\/shop\/yuri-leveratto\/explora%C3%A7oes-na-am%C3%A9rica-do-sul-2006-2011\/paperback\/product-20926593.html\" target=\"_blank\" rel=\"noopener\">dispon\u00edvel em portugu\u00eas<\/a>] est\u00e3o os relatos de 18 expedi\u00e7\u00f5es cuja finalidade principal \u00e9 a busca arqueol\u00f3gica.<br \/>\nFoi durante uma longa caminhada na Serra Nevada de Santa Marta, a montanha mais alta da Col\u00f4mbia, que me encontrei com os nativos Kogui, quando me dei conta de que ainda havia um mundo paralelo na Am\u00e9rica do Sul: o dos nativos, que t\u00eam uma vis\u00e3o &#8216;diferente&#8217; da vida em oposi\u00e7\u00e3o ao nosso (ocidentais) t\u00edpico individualismo.<br \/>\nSegui a explora\u00e7\u00e3o al\u00e9m da aldeia dos Koguis, at\u00e9 a &#8216;Ciudad Perdida&#8217;, Teyuna, um interessante s\u00edtio arqueol\u00f3gico localizado no mesmo vale.<br \/>\nDesde ent\u00e3o, pude constatar que a Am\u00e9rica do Sul \u00e9 um tesouro inesgot\u00e1vel de vilas e tamb\u00e9m de restos arqueol\u00f3gicos ocultos, sen\u00e3o totalmente desconhecidos, \u00e0 espera de serem descobertos.<br \/>\nNo livro tamb\u00e9m \u00e9 relatado, al\u00e9m da busca arqueol\u00f3gica, o contato com v\u00e1rios povos ind\u00edgenas como os Ashaninka e os Matsiguenkas, do Peru e os Tsimane e Mosetenes, da Bol\u00edvia.<\/p>\n<div id=\"attachment_9255\" style=\"width: 1034px\" class=\"wp-caption alignnone\"><a href=\"https:\/\/www.mochileiros.com\/blog\/wp-content\/uploads\/2013\/05\/1.jpg\"><img loading=\"lazy\" decoding=\"async\" aria-describedby=\"caption-attachment-9255\" class=\"  wp-image-9255\" src=\"https:\/\/www.mochileiros.com\/blog\/wp-content\/uploads\/2013\/05\/1.jpg\" alt=\"Portal encontrado nas ru\u00ednas da cidade Perdida de Labirinto, em Rond\u00f4nia - Foto Arquivo pessoal\" width=\"1024\" height=\"683\" srcset=\"https:\/\/www.mochileiros.com\/blog\/wp-content\/uploads\/2013\/05\/1.jpg 768w, https:\/\/www.mochileiros.com\/blog\/wp-content\/uploads\/2013\/05\/1-300x200.jpg 300w, https:\/\/www.mochileiros.com\/blog\/wp-content\/uploads\/2013\/05\/1-313x209.jpg 313w, https:\/\/www.mochileiros.com\/blog\/wp-content\/uploads\/2013\/05\/1-20x13.jpg 20w\" sizes=\"auto, (max-width: 1024px) 100vw, 1024px\" \/><\/a><p id=\"caption-attachment-9255\" class=\"wp-caption-text\">Portal encontrado nas ru\u00ednas da cidade Perdida de Labirinto, em Rond\u00f4nia &#8211; Foto Arquivo pessoal<\/p><\/div>\n<p style=\"text-align: justify;\"><strong><br \/>\nMB &#8211; Assistimos uma entrevista, na qual voc\u00ea fala sobre a descoberta de ru\u00ednas de uma poss\u00edvel cidade pr\u00e9-colombiana localizada no munic\u00edpio de Costa Marques em Rond\u00f4nia, a &#8220;Cidade Perdida de Labirinto&#8221;. \u00a0Na entrevista voc\u00ea diz que existe a possibilidade que sejam as ru\u00ednas de Paititi. Nos conte um pouco sobre essa descoberta.<\/strong><\/p>\n<p style=\"text-align: justify;\">O s\u00edtio arqueol\u00f3gico de Labirinto n\u00e3o foi estudado. Sendo assim, sabe-se muito pouco sobre sua origem e uso. Na explora\u00e7\u00e3o, estudo (sem escava\u00e7\u00e3o) e documenta\u00e7\u00e3o fotogr\u00e1fica que realizamos em 2001 com v\u00e1rios investigadores independentes brasileiros, conseguimos averiguar que o s\u00edtio \u00e9 muito interessante do ponto de vista arqueol\u00f3gico.<br \/>\n\u00c9 verdade que as cr\u00f4nicas do Paititi apontam ao Rio Guapor\u00e9, mas at\u00e9 agora n\u00e3o est\u00e1 comprovado que os descendentes de Hu\u00e1scar estavam justamente nesta \u00e1rea. O que \u00e9 certo \u00e9 que os altos muros existentes no Labirinto provavelmente n\u00e3o foram feitos por portugueses ou espanh\u00f3is. Acima destes muros que formam o Labirinto h\u00e1 alguns &#8216;espa\u00e7os habitacionais&#8217; nunca vistos antes.<br \/>\nQuem viveu ali? N\u00e3o sabemos.<br \/>\nNa minha opini\u00e3o \u00e9 poss\u00edvel que o s\u00edtio tenha sido habitado por ind\u00edgenas amaz\u00f4nicos e depois utilizado pelos portugueses para extra\u00e7\u00e3o de pedras para a constru\u00e7\u00e3o do Forte Pr\u00edncipe da Beira. \u00c9 uma possibilidade, mas de qualquer forma o s\u00edtio de Labirinto segue sendo um mist\u00e9rio.<\/p>\n<p style=\"text-align: justify;\"><strong><br \/>\nMB &#8211; Voc\u00ea foi um dos poucos exploradores que visitaram a regi\u00e3o das lend\u00e1rias Pir\u00e2mides de Pantiacolla. Quais foram suas impress\u00f5es? S\u00e3o realmente forma\u00e7\u00f5es naturais? Sabe se j\u00e1 fizeram alguma escava\u00e7\u00e3o no local? Se sim, quem fez? (Explorador, governo etc)<\/strong><\/p>\n<p style=\"text-align: justify;\">Na realidade a \u00e1rea das pir\u00e2mides \u00e9 muito grande e inserida em uma das selvas mais dif\u00edceis do planeta. Chegar at\u00e9 as pir\u00e2mides \u00e9 realmente um desafio, j\u00e1 que, al\u00e9m da selva o rio Inchipato \u00e9 muito insidioso e dif\u00edcil. A quantidade de insetos tamb\u00e9m complica a explora\u00e7\u00e3o. Esta foi a raz\u00e3o pela qual o japon\u00eas <a href=\"http:\/\/en.wikipedia.org\/wiki\/Yoshiharu_Sekino\" target=\"_blank\" rel=\"noopener\">Sekino<\/a> n\u00e3o p\u00f4de chegar \u00e0s pir\u00e2mides que foram alcan\u00e7adas pela primera vez somente em 1996, por meu amigo <a href=\"http:\/\/en.wikipedia.org\/wiki\/Gregory_Deyermenjian\" target=\"_blank\" rel=\"noopener\">Gregory Deyermejian<\/a>.<br \/>\nAinda que haja uma lenda relatada pelo explorador Carlos Neuenschwander, sobre o fato de que as pir\u00e2mides tenham sido utilizadas como local para esconder os <a href=\"http:\/\/www.yurileveratto.com\/po\/articolo.php?Id=220\" target=\"_blank\" rel=\"noopener\">tesouros de Hu\u00e1scar<\/a>, at\u00e9 agora n\u00e3o foi encontrado nada.<br \/>\nSobre o fato delas serem forma\u00e7\u00f5es naturais ou artificiais, posso dizer que pelo que vi, s\u00e3o forma\u00e7\u00f5es naturais e n\u00e3o creio que tenham sido utilizadas pelo homem no passado. Por\u00e9m a \u00e1rea \u00e9 t\u00e3o extensa que n\u00e3o se pode ter uma resposta definitiva no momento. Nunca foram feitas escava\u00e7\u00f5es na zona.<\/p>\n<div id=\"attachment_9258\" style=\"width: 1034px\" class=\"wp-caption alignnone\"><a href=\"https:\/\/www.mochileiros.com\/blog\/wp-content\/uploads\/2013\/05\/con-el-nativo-Guillermo-a-Pusharo.jpg\"><img loading=\"lazy\" decoding=\"async\" aria-describedby=\"caption-attachment-9258\" class=\"  wp-image-9258\" src=\"https:\/\/www.mochileiros.com\/blog\/wp-content\/uploads\/2013\/05\/con-el-nativo-Guillermo-a-Pusharo.jpg\" alt=\"Petr\u00f3glifos de Pusharo - Foto: Arquivo Pessoal\" width=\"1024\" height=\"768\" srcset=\"https:\/\/www.mochileiros.com\/blog\/wp-content\/uploads\/2013\/05\/con-el-nativo-Guillermo-a-Pusharo.jpg 1024w, https:\/\/www.mochileiros.com\/blog\/wp-content\/uploads\/2013\/05\/con-el-nativo-Guillermo-a-Pusharo-300x225.jpg 300w, https:\/\/www.mochileiros.com\/blog\/wp-content\/uploads\/2013\/05\/con-el-nativo-Guillermo-a-Pusharo-768x576.jpg 768w, https:\/\/www.mochileiros.com\/blog\/wp-content\/uploads\/2013\/05\/con-el-nativo-Guillermo-a-Pusharo-313x235.jpg 313w, https:\/\/www.mochileiros.com\/blog\/wp-content\/uploads\/2013\/05\/con-el-nativo-Guillermo-a-Pusharo-20x15.jpg 20w\" sizes=\"auto, (max-width: 1024px) 100vw, 1024px\" \/><\/a><p id=\"caption-attachment-9258\" class=\"wp-caption-text\">Petr\u00f3glifos de Pusharo &#8211; Foto: Arquivo Pessoal<\/p><\/div>\n<p style=\"text-align: justify;\"><strong><br \/>\nMB &#8211; Voc\u00ea realizou um explora\u00e7\u00e3o a\u00e9rea no &#8220;Parque Nacional Noel Kempff Mercado&#8221; na Bol\u00edvia. Descobriu ind\u00edcios de alguma ru\u00edna? \u00a0Pretende fazer uma explora\u00e7\u00e3o em solo? \u00a0Nos fale um pouco sobre.<\/strong><\/p>\n<p style=\"text-align: justify;\">Na realidade a explora\u00e7\u00e3o a\u00e9rea que fiz com meu amigo, o piloto Jorge Velarde tinha o objetivo de analisar poss\u00edveis rotas terrestres para uma explora\u00e7\u00e3o por terra no Parque Nacional Noel Kempff Mercado, na fronteira Bol\u00edvia\/Brasil. A regi\u00e3o \u00e9 muito importante porque, na opini\u00e3o de Velarde, ali poderiam encontrar-se algumas ru\u00ednas antigas, que poderiam estar relacionadas com a explora\u00e7\u00e3o dos bandeirantes feitas em 1753, relatadas no famoso &#8216;<a href=\"http:\/\/pt.wikipedia.org\/wiki\/Manuscrito_512\" target=\"_blank\" rel=\"noopener\">Documento 512<\/a>&#8216;.<\/p>\n<p style=\"text-align: justify;\"><strong><br \/>\nMB &#8211; Em 2011 voc\u00ea realizou a Expedici\u00f3n Marcahuasi. Quais foram suas impress\u00f5es sobre a regi\u00e3o?<\/strong><\/p>\n<p style=\"text-align: justify;\">O altiplano de Marcahusi \u00e9 um dos lugares mais interessantes do mundo sob o ponto de vista arqueol\u00f3gico. H\u00e1 vest\u00edgios de culturas Huanca (3 cidadelas) e muitos outros megalitos que ao que parecem, foram esculpidos pelo homem na \u00e9poca arcaica.\u00a0Ainda que n\u00e3o haja prova definitiva das intui\u00e7\u00f5es de Daniel Ruzo, na minha opini\u00e3o \u00e9 poss\u00edvel que povos pr\u00e9-hist\u00f3ricos tenham vivido em Marcahuasi como os demais em Sacsayhuaman, Tiahuanaco e Ingrejil.<\/p>\n<p style=\"text-align: justify;\"><strong><br \/>\nMB &#8211; Em todas as explora\u00e7\u00f5es que j\u00e1 realizou, qual foi sua maior descoberta?<\/strong><\/p>\n<p style=\"text-align: justify;\">Descobrir n\u00e3o quer dizer somente explorar e encontrar.<\/p>\n<p style=\"text-align: justify;\">Descobrir quer dizer: explorar, encontrar, estudar, interpretar e difundir a informa\u00e7\u00e3o. Por exemplo: o continente americano havia sido conhecido por muitos povos antes de Crist\u00f3vam Colombo (muito provavelmente pelos Fen\u00edcios, entre outros), mas foi Colombo que levou a not\u00edcia deste continente \u00e0 Europa, j\u00e1 que difundiu este conhecimento.<br \/>\nNas minhas atividades pude explorar s\u00edtios arqueol\u00f3gicos remotos, alguns deles j\u00e1 conhecidos, outros completamente desconhecidos.<br \/>\nA explora\u00e7\u00e3o da ciudadela pr\u00e9-inca de Miraflores foi muito importante, j\u00e1 que ela era completamente abandonada; tampouco o Minist\u00e9rio de Cultura do Peru a havia inclu\u00eddo nos s\u00edtios arqueol\u00f3gicos do pa\u00eds.<br \/>\nTamb\u00e9m a explora\u00e7\u00e3o, <a href=\"http:\/\/pt.wikipedia.org\/wiki\/Individua%C3%A7%C3%A3o\" target=\"_blank\" rel=\"noopener\">individua\u00e7\u00e3o<\/a> e estudo do s\u00edtio arqueol\u00f3gico conhecido como &#8216;Serra da Muralha&#8217; que batizei como &#8216;Fortaleza do Rio Madeira&#8217; foi de m\u00e1xima import\u00e2ncia. Neste caso, alguns estudiosos de Porto Velho sabiam do s\u00edtio, mas n\u00e3o lhe deram a devida import\u00e2ncia e pensavam (erroneamente) que ele havia sido constru\u00eddo pelos portugueses no s\u00e9culo XVI.<\/p>\n<p style=\"text-align: justify;\">Neste caso eu descarto a tese de que a Fortaleza do Rio Madeira\/Serra da Muralha seja uma constru\u00e7\u00e3o feita pelos europeus, j\u00e1 que ter\u00edamos uma &#8216;cr\u00f4nica&#8217; da constru\u00e7\u00e3o. Na minha opini\u00e3o esta \u00e9 uma constru\u00e7\u00e3o ind\u00edgena e possivelmente feita por povos andinos visando o controle da Amaz\u00f4nia.<\/p>\n<p style=\"text-align: justify;\">Na realidade as cr\u00f4nicas antigas descrevem o controle de Antisuyo (o que hoje s\u00e3o Acre e Rond\u00f4nia no Brasil e Beni, Pando e Madre de Dios, na Bol\u00edvia) por parte dos Incas. Me refiro ao famoso Paititi, a \u00e1rea dominada em parte pelos Moxos at\u00e9 o come\u00e7o do s\u00e9culo XVII.<\/p>\n<p style=\"text-align: justify;\"><strong><br \/>\nMB &#8211; Dentro do &#8216;universo das explora\u00e7\u00f5es&#8217; qual \u00e9 o seu grande sonho?<\/strong><\/p>\n<p style=\"text-align: justify;\">Meus objetivos s\u00e3o dois:<br \/>\n1) A busca de evid\u00eancias que d\u00eaem suporte \u00e0 teoria do pr\u00e9 contrato entre os povos do Oriente M\u00e9dio e os povos da Am\u00e9rica do Sul. Me refiro \u00e0 possibilidade de que Sum\u00e9rios, Fen\u00edcios e Cartagineses tenham conhecido e explorado a Am\u00e9rica do Sul no per\u00edodo entre 3.000 a.C e 500 d.C<br \/>\n2) A busca de evid\u00eancias que d\u00eaem suporte \u00e0 teoria de que os povos andinos e os Incas tenham controlado a Amaz\u00f4nia. O estudo da Fortaleza do Rio Madeira\/Serra da Muralha se insere nesta busca.<br \/>\nTamb\u00e9m \u00e9 muito interessante a possibilidade de que os descendentes de Hu\u00e1scar tenham se escondido em um enclave secreto, o &#8220;Patiti andino&#8221;, considerando os escritos de <a href=\"http:\/\/es.wikipedia.org\/wiki\/Blas_Valera\" target=\"_blank\" rel=\"noopener\">Blas Valera<\/a>.<\/p>\n<p style=\"text-align: justify;\"><strong><br \/>\nMB &#8211; Qual ser\u00e1 sua pr\u00f3xima expedi\u00e7\u00e3o?\u00a0<\/strong><\/p>\n<p style=\"text-align: justify;\">Se eu tiver tempo e dinheiro dispon\u00edveis gostaria de voltar \u00e0 selva, mas no momento n\u00e3o posso dizer aonde.<\/p>\n<p style=\"text-align: justify;\"><strong><br \/>\nMB &#8211; Voc\u00ea atualmente mora na Col\u00f4mbia, certo? Quando n\u00e3o est\u00e1 viajando, qual a sua principal ocupa\u00e7\u00e3o?<\/strong><\/p>\n<p style=\"text-align: justify;\">Atualmente trabalho como professor de idiomas, mas sempre me dedico a organizar expedi\u00e7\u00f5es com a finalidade de explorar \u00e1reas pouco conhecidas. A Col\u00f4mbia est\u00e1 lentamente melhorando sua situa\u00e7\u00e3o interna e tem imensas possibilidades no setor de turismo de aventura.<\/p>\n<p style=\"text-align: justify;\"><strong>Imagens:<\/strong><\/p>\n<p>[justified_image_grid preset=3 link_title_field=title img_alt_field=caption title_field=title caption_field=caption lightbox=prettyphoto]<\/p>\n<p>&nbsp;<\/p>\n<p><em>Esta entrevista em italiano pode ser conferida <a href=\"http:\/\/www.yurileveratto.com\/it\/articolo.php?Id=365\" target=\"_blank\" rel=\"noopener\">aqui<\/a>\u00a0e em espanhol <a href=\"http:\/\/www.yurileveratto.com\/articolo.php?Id=364\" target=\"_blank\" rel=\"noopener\">aqui<\/a>.<\/em><\/p>\n","protected":false},"excerpt":{"rendered":"<p>Mochileiro desde os 16, o italiano Yuri Leveratto \u00e9 um apaixonado por viagens que foi al\u00e9m, sua outra paix\u00e3o, a\u00a0explora\u00e7\u00e3o arqueol\u00f3gica, \u00a0o\u00a0levou por v\u00e1rios\u00a0destinos do mundo em busca de novas descobertas. Suas expedi\u00e7\u00f5es renderam, at\u00e9 o momento,\u00a08 livros, v\u00eddeos (canal no Youtube) e o\u00a0site\u00a0onde ele conta algumas de suas experi\u00eancias. Nesta entrevista ele divide um [&hellip;]<\/p>\n","protected":false},"author":1,"featured_media":9021,"comment_status":"open","ping_status":"closed","sticky":false,"template":"","format":"standard","meta":{"googlesitekit_rrm_CAoiELM5mIOjYRN0nfylq3_9r-8:productID":"","_crdt_document":"","_daim_seo_power":"","_daim_enable_ail":"","footnotes":""},"categories":[],"tags":[135,1192,982,983],"class_list":{"0":"post-8923","1":"post","2":"type-post","3":"status-publish","4":"format-standard","5":"has-post-thumbnail","6":"hentry","7":"tag-entrevistas","9":"tag-exploradores-do-seculo-xxi","10":"tag-yuri-leveratto"},"_links":{"self":[{"href":"https:\/\/www.mochileiros.com\/blog\/wp-json\/wp\/v2\/posts\/8923","targetHints":{"allow":["GET"]}}],"collection":[{"href":"https:\/\/www.mochileiros.com\/blog\/wp-json\/wp\/v2\/posts"}],"about":[{"href":"https:\/\/www.mochileiros.com\/blog\/wp-json\/wp\/v2\/types\/post"}],"author":[{"embeddable":true,"href":"https:\/\/www.mochileiros.com\/blog\/wp-json\/wp\/v2\/users\/1"}],"replies":[{"embeddable":true,"href":"https:\/\/www.mochileiros.com\/blog\/wp-json\/wp\/v2\/comments?post=8923"}],"version-history":[{"count":0,"href":"https:\/\/www.mochileiros.com\/blog\/wp-json\/wp\/v2\/posts\/8923\/revisions"}],"wp:featuredmedia":[{"embeddable":true,"href":"https:\/\/www.mochileiros.com\/blog\/wp-json\/wp\/v2\/media\/9021"}],"wp:attachment":[{"href":"https:\/\/www.mochileiros.com\/blog\/wp-json\/wp\/v2\/media?parent=8923"}],"wp:term":[{"taxonomy":"category","embeddable":true,"href":"https:\/\/www.mochileiros.com\/blog\/wp-json\/wp\/v2\/categories?post=8923"},{"taxonomy":"post_tag","embeddable":true,"href":"https:\/\/www.mochileiros.com\/blog\/wp-json\/wp\/v2\/tags?post=8923"}],"curies":[{"name":"wp","href":"https:\/\/api.w.org\/{rel}","templated":true}]}}