{"id":9218,"date":"2013-06-07T00:15:42","date_gmt":"2013-06-07T03:15:42","guid":{"rendered":"https:\/\/www.mochileiros.com\/blog\/?p=9218"},"modified":"2024-02-06T15:45:05","modified_gmt":"2024-02-06T18:45:05","slug":"o-que-fazer-em-quito-e-arredores","status":"publish","type":"post","link":"https:\/\/www.mochileiros.com\/blog\/o-que-fazer-em-quito-e-arredores","title":{"rendered":"15 coisas pra fazer em Quito e arredores"},"content":{"rendered":"<p><strong>O que fazer em Quito<\/strong><\/p>\n<blockquote>\n<p style=\"text-align: justify;\">O Equador foi uma grata surpresa. \u00a0Entramos no pa\u00eds por terra atravessando a fronteira entre as cidades de Zarumilla (Peru) e Huaquillas (Equador), um lugar ca\u00f3tico cheio de sacoleiros e motos correndo de um pa\u00eds pro outro. Fronteira t\u00edpica sul-americana com uma boa pitada de Rua 25 de mar\u00e7o. As paisagens da Carretera Panamericana, que serpenteia a costa do Pac\u00edfico, cheias de dunas e praias ficaram pra tr\u00e1s e o \u00f4nibus segue continente adentro pelas estradas equatorianas. Pra quem entra no pa\u00eds por essas bandas, a primeira impress\u00e3o que se tem \u00e9 que o Equador \u00e9 uma grande planta\u00e7\u00e3o de bananas. Horas depois chegarmos em Quito e a surpresa n\u00e3o poderia ser melhor.<\/p>\n<\/blockquote>\n<p>&nbsp;<\/p>\n<div id=\"ez-toc-container\" class=\"ez-toc-v2_0_82_2 counter-hierarchy ez-toc-counter ez-toc-grey ez-toc-container-direction\">\n<div class=\"ez-toc-title-container\">\n<p class=\"ez-toc-title\" style=\"cursor:inherit\">\u00cdndice<\/p>\n<span class=\"ez-toc-title-toggle\"><a href=\"#\" class=\"ez-toc-pull-right ez-toc-btn ez-toc-btn-xs ez-toc-btn-default ez-toc-toggle\" aria-label=\"Alternar tabela de conte\u00fado\"><span class=\"ez-toc-js-icon-con\"><span class=\"\"><span class=\"eztoc-hide\" style=\"display:none;\">Toggle<\/span><span class=\"ez-toc-icon-toggle-span\"><svg style=\"fill: #999;color:#999\" xmlns=\"http:\/\/www.w3.org\/2000\/svg\" class=\"list-377408\" width=\"20px\" height=\"20px\" viewBox=\"0 0 24 24\" fill=\"none\"><path d=\"M6 6H4v2h2V6zm14 0H8v2h12V6zM4 11h2v2H4v-2zm16 0H8v2h12v-2zM4 16h2v2H4v-2zm16 0H8v2h12v-2z\" fill=\"currentColor\"><\/path><\/svg><svg style=\"fill: #999;color:#999\" class=\"arrow-unsorted-368013\" xmlns=\"http:\/\/www.w3.org\/2000\/svg\" width=\"10px\" height=\"10px\" viewBox=\"0 0 24 24\" version=\"1.2\" baseProfile=\"tiny\"><path d=\"M18.2 9.3l-6.2-6.3-6.2 6.3c-.2.2-.3.4-.3.7s.1.5.3.7c.2.2.4.3.7.3h11c.3 0 .5-.1.7-.3.2-.2.3-.5.3-.7s-.1-.5-.3-.7zM5.8 14.7l6.2 6.3 6.2-6.3c.2-.2.3-.5.3-.7s-.1-.5-.3-.7c-.2-.2-.4-.3-.7-.3h-11c-.3 0-.5.1-.7.3-.2.2-.3.5-.3.7s.1.5.3.7z\"\/><\/svg><\/span><\/span><\/span><\/a><\/span><\/div>\n<nav><ul class='ez-toc-list ez-toc-list-level-1 ' ><li class='ez-toc-page-1 ez-toc-heading-level-2'><a class=\"ez-toc-link ez-toc-heading-1\" href=\"https:\/\/www.mochileiros.com\/blog\/o-que-fazer-em-quito-e-arredores\/#1_%E2%80%93_Se_hospede_no_bairro_de_Mariscal\" >1 &#8211; Se hospede no bairro de Mariscal.<\/a><\/li><li class='ez-toc-page-1 ez-toc-heading-level-2'><a class=\"ez-toc-link ez-toc-heading-2\" href=\"https:\/\/www.mochileiros.com\/blog\/o-que-fazer-em-quito-e-arredores\/#2_%E2%80%93_Tirar_fotos_panoramicas_no_Parque_Itchimbia\" >2 &#8211; Tirar fotos panor\u00e2micas no Parque Itchimbia.<\/a><\/li><li class='ez-toc-page-1 ez-toc-heading-level-2'><a class=\"ez-toc-link ez-toc-heading-3\" href=\"https:\/\/www.mochileiros.com\/blog\/o-que-fazer-em-quito-e-arredores\/#3_%E2%80%93_Fazer_um_walking_tour_pelo_Centro_Historico\" >3 &#8211; Fazer um walking tour pelo Centro Hist\u00f3rico.<\/a><\/li><li class='ez-toc-page-1 ez-toc-heading-level-2'><a class=\"ez-toc-link ez-toc-heading-4\" href=\"https:\/\/www.mochileiros.com\/blog\/o-que-fazer-em-quito-e-arredores\/#4_%E2%80%93_Visitar_a_Casa_de_la_Cultura_Ecuatoriana\" >4 &#8211; Visitar a Casa de la Cultura Ecuatoriana.<\/a><\/li><li class='ez-toc-page-1 ez-toc-heading-level-2'><a class=\"ez-toc-link ez-toc-heading-5\" href=\"https:\/\/www.mochileiros.com\/blog\/o-que-fazer-em-quito-e-arredores\/#5_%E2%80%93_Visita_a_Feira_de_Artesanato_do_Parque_El_Ejido\" >5 &#8211; Visita \u00e0 Feira de Artesanato do Parque El Ejido.<\/a><\/li><li class='ez-toc-page-1 ez-toc-heading-level-2'><a class=\"ez-toc-link ez-toc-heading-6\" href=\"https:\/\/www.mochileiros.com\/blog\/o-que-fazer-em-quito-e-arredores\/#6_%E2%80%93_Subir_ao_Cerro_El_Panecillo_e_tirar_mais_fotos_panoramicas_da_cidade\" >6 &#8211; Subir ao Cerro El Panecillo e tirar mais fotos panor\u00e2micas da cidade.<\/a><\/li><li class='ez-toc-page-1 ez-toc-heading-level-2'><a class=\"ez-toc-link ez-toc-heading-7\" href=\"https:\/\/www.mochileiros.com\/blog\/o-que-fazer-em-quito-e-arredores\/#7_%E2%80%93_Passear_no_Teleferico_de_Quito\" >7 &#8211; Passear no Telef\u00e9rico de Quito.<\/a><\/li><li class='ez-toc-page-1 ez-toc-heading-level-2'><a class=\"ez-toc-link ez-toc-heading-8\" href=\"https:\/\/www.mochileiros.com\/blog\/o-que-fazer-em-quito-e-arredores\/#8_%E2%80%93_Comer_um_Sanduche_de_Chancho\" >8 &#8211; Comer um Sanduche de Chancho.<\/a><\/li><li class='ez-toc-page-1 ez-toc-heading-level-2'><a class=\"ez-toc-link ez-toc-heading-9\" href=\"https:\/\/www.mochileiros.com\/blog\/o-que-fazer-em-quito-e-arredores\/#9_%E2%80%93_Experimentar_uma_iguaria_equatoriana_Catzos_Blancos_com_Tostados\" >9 &#8211; Experimentar uma iguaria equatoriana: Catzos Blancos com Tostados.<\/a><\/li><li class='ez-toc-page-1 ez-toc-heading-level-2'><a class=\"ez-toc-link ez-toc-heading-10\" href=\"https:\/\/www.mochileiros.com\/blog\/o-que-fazer-em-quito-e-arredores\/#10_%E2%80%93_Visitar_a_Floresta_Nublada_de_Maquipucuna\" >10 &#8211; Visitar a Floresta Nublada de Maquipucuna<\/a><\/li><li class='ez-toc-page-1 ez-toc-heading-level-2'><a class=\"ez-toc-link ez-toc-heading-11\" href=\"https:\/\/www.mochileiros.com\/blog\/o-que-fazer-em-quito-e-arredores\/#11_%E2%80%93_Fazer_uma_tour_no_Parque_Nacional_Cotopaxi\" >11 &#8211; Fazer uma tour no Parque Nacional Cotopaxi<\/a><\/li><li class='ez-toc-page-1 ez-toc-heading-level-2'><a class=\"ez-toc-link ez-toc-heading-12\" href=\"https:\/\/www.mochileiros.com\/blog\/o-que-fazer-em-quito-e-arredores\/#12_%E2%80%93_Tirar_uma_foto_com_um_pe_no_Hemisferio_Norte_e_o_outro_no_Hemisferio_Sul_no_Parque_Mitad_del_Mundo\" >12 &#8211; Tirar uma foto com um p\u00e9 no Hemisf\u00e9rio Norte e o outro no Hemisf\u00e9rio Sul, no Parque Mitad del Mundo.<\/a><\/li><li class='ez-toc-page-1 ez-toc-heading-level-2'><a class=\"ez-toc-link ez-toc-heading-13\" href=\"https:\/\/www.mochileiros.com\/blog\/o-que-fazer-em-quito-e-arredores\/#13_%E2%80%93_Viajar_de_trem_pelo_Equador\" >13 &#8211; Viajar de trem pelo Equador.<\/a><\/li><li class='ez-toc-page-1 ez-toc-heading-level-2'><a class=\"ez-toc-link ez-toc-heading-14\" href=\"https:\/\/www.mochileiros.com\/blog\/o-que-fazer-em-quito-e-arredores\/#14_%E2%80%93_Visitar_Banos_e_o_Vulcao_Tungurahua\" >14 &#8211; Visitar Ba\u00f1os e o\u00a0Vulc\u00e3o Tungurahua.<\/a><\/li><li class='ez-toc-page-1 ez-toc-heading-level-2'><a class=\"ez-toc-link ez-toc-heading-15\" href=\"https:\/\/www.mochileiros.com\/blog\/o-que-fazer-em-quito-e-arredores\/#15_%E2%80%93_Visitar_o_Lago_Quilotoa\" >15 &#8211; Visitar o Lago Quilotoa<\/a><\/li><li class='ez-toc-page-1 ez-toc-heading-level-2'><a class=\"ez-toc-link ez-toc-heading-16\" href=\"https:\/\/www.mochileiros.com\/blog\/o-que-fazer-em-quito-e-arredores\/#_4_passeios_imperdiveis_para_fazer_em_Quito_e_arredores\" >+ 4 passeios imperd\u00edveis para fazer em Quito e arredores<\/a><\/li><\/ul><\/nav><\/div>\n<h2><span class=\"ez-toc-section\" id=\"1_%E2%80%93_Se_hospede_no_bairro_de_Mariscal\"><\/span>1 &#8211; Se hospede no bairro de Mariscal.<span class=\"ez-toc-section-end\"><\/span><\/h2>\n<p style=\"text-align: justify;\">Sim! \u00c9 o melhor lugar pra ficar em Quito. Outra boa op\u00e7\u00e3o \u00e9 o Centro Hist\u00f3rico, mas Mariscal \u00e9 especial. \u00c9 o bairro gastron\u00f4mico e bo\u00eamio da capital equatoriana, fica perto do Centro e no meio do caminho entre as principais atra\u00e7\u00f5es da cidade. \u00c9 uma \u00e1rea agrad\u00e1vel com constru\u00e7\u00f5es baixas, ruas estreitas e arborizadas. \u00a0A grande concentra\u00e7\u00e3o de bares, restaurantes, caf\u00e9s e hostels faz do local um ponto de encontro para viajantes de todo o mundo.<\/p>\n<div id=\"attachment_9416\" style=\"width: 1034px\" class=\"wp-caption alignnone\"><a href=\"https:\/\/www.mochileiros.com\/blog\/wp-content\/uploads\/2013\/05\/DSC023671.jpg\"><img loading=\"lazy\" decoding=\"async\" aria-describedby=\"caption-attachment-9416\" class=\"wp-image-9416 size-full\" title=\"O que fazer em Quito\" src=\"https:\/\/www.mochileiros.com\/blog\/wp-content\/uploads\/2013\/05\/DSC023671.jpg\" alt=\"O que fazer em Quito: Esquina das ruas Juan Le\u00f3n Mera e Jos\u00e9 Calama. O ponto alto do bairro b\u00f4emio de Quito - Foto: Silnei L Andrade | Mochila Brasil\" width=\"1024\" height=\"768\" srcset=\"https:\/\/www.mochileiros.com\/blog\/wp-content\/uploads\/2013\/05\/DSC023671.jpg 1024w, https:\/\/www.mochileiros.com\/blog\/wp-content\/uploads\/2013\/05\/DSC023671-300x225.jpg 300w, https:\/\/www.mochileiros.com\/blog\/wp-content\/uploads\/2013\/05\/DSC023671-768x576.jpg 768w, https:\/\/www.mochileiros.com\/blog\/wp-content\/uploads\/2013\/05\/DSC023671-313x235.jpg 313w, https:\/\/www.mochileiros.com\/blog\/wp-content\/uploads\/2013\/05\/DSC023671-20x15.jpg 20w\" sizes=\"auto, (max-width: 1024px) 100vw, 1024px\" \/><\/a><p id=\"caption-attachment-9416\" class=\"wp-caption-text\">Esquina das ruas Juan Le\u00f3n Mera e Jos\u00e9 Calama. O ponto alto do bairro b\u00f4emio de Quito &#8211; Foto: Silnei L Andrade | Mochila Brasil<\/p><\/div>\n<h2><span class=\"ez-toc-section\" id=\"2_%E2%80%93_Tirar_fotos_panoramicas_no_Parque_Itchimbia\"><\/span>2 &#8211; Tirar fotos panor\u00e2micas no Parque Itchimbia.<span class=\"ez-toc-section-end\"><\/span><\/h2>\n<p style=\"text-align: justify;\">O Parque Itchimbia fica no alto de uma colina com 2.910m de altitude, onde \u00e9 poss\u00edvel ter uma vista de 360\u00ba da cidade. \u00c9\u00a0um \u00f3timo lugar pra voc\u00ea tirar fotos panor\u00e2micas. Al\u00e9m de pistas para caminhada e espa\u00e7os floridos e gramados, o parque conta com o Centro Cultural Itchimbia, local que abriga exposi\u00e7\u00f5es e eventos.\u00a0A estrutura do pr\u00e9dio todo constru\u00eddo em a\u00e7o e vidro, fazia parte do primeiro mercado p\u00fablico de Quito, o mercado Santa Clara, e foi trazido da B\u00e9lgica em 1899. Vale muito a pena visita e a entrada \u00e9 gratuita!<\/p>\n<div id=\"attachment_9418\" style=\"width: 1034px\" class=\"wp-caption alignnone\"><a href=\"https:\/\/www.mochileiros.com\/blog\/wp-content\/uploads\/2013\/05\/DSC02424.jpg\"><img loading=\"lazy\" decoding=\"async\" aria-describedby=\"caption-attachment-9418\" class=\"wp-image-9418\" src=\"https:\/\/www.mochileiros.com\/blog\/wp-content\/uploads\/2013\/05\/DSC02424-1024x768.jpg\" alt=\"O que fazer em Quito: Lugar ideal pra ver Quito l\u00e1 de cima e sem pressa. Foto: Silnei L Andrade | Mochila Brasil\" width=\"1024\" height=\"768\" srcset=\"https:\/\/www.mochileiros.com\/blog\/wp-content\/uploads\/2013\/05\/DSC02424-1024x768.jpg 1024w, https:\/\/www.mochileiros.com\/blog\/wp-content\/uploads\/2013\/05\/DSC02424-300x225.jpg 300w, https:\/\/www.mochileiros.com\/blog\/wp-content\/uploads\/2013\/05\/DSC02424-768x576.jpg 768w, https:\/\/www.mochileiros.com\/blog\/wp-content\/uploads\/2013\/05\/DSC02424-313x235.jpg 313w, https:\/\/www.mochileiros.com\/blog\/wp-content\/uploads\/2013\/05\/DSC02424-20x15.jpg 20w, https:\/\/www.mochileiros.com\/blog\/wp-content\/uploads\/2013\/05\/DSC02424.jpg 1920w\" sizes=\"auto, (max-width: 1024px) 100vw, 1024px\" \/><\/a><p id=\"caption-attachment-9418\" class=\"wp-caption-text\">Lugar ideal pra ver Quito l\u00e1 de cima e sem pressa. Foto: Silnei L Andrade | Mochila Brasil<\/p><\/div>\n<p>&nbsp;<\/p>\n<div id=\"attachment_9419\" style=\"width: 1034px\" class=\"wp-caption alignnone\"><a href=\"https:\/\/www.mochileiros.com\/blog\/wp-content\/uploads\/2013\/05\/DSC02431.jpg\"><img loading=\"lazy\" decoding=\"async\" aria-describedby=\"caption-attachment-9419\" class=\" wp-image-9419\" src=\"https:\/\/www.mochileiros.com\/blog\/wp-content\/uploads\/2013\/05\/DSC02431-1024x768.jpg\" alt=\"Pal\u00e1cio de Cristal - Centro Cultural Itchimbia. Foto: Silnei L Andrade | Mochila Brasil\" width=\"1024\" height=\"768\" srcset=\"https:\/\/www.mochileiros.com\/blog\/wp-content\/uploads\/2013\/05\/DSC02431-1024x768.jpg 1024w, https:\/\/www.mochileiros.com\/blog\/wp-content\/uploads\/2013\/05\/DSC02431-300x225.jpg 300w, https:\/\/www.mochileiros.com\/blog\/wp-content\/uploads\/2013\/05\/DSC02431-768x576.jpg 768w, https:\/\/www.mochileiros.com\/blog\/wp-content\/uploads\/2013\/05\/DSC02431-313x235.jpg 313w, https:\/\/www.mochileiros.com\/blog\/wp-content\/uploads\/2013\/05\/DSC02431-20x15.jpg 20w, https:\/\/www.mochileiros.com\/blog\/wp-content\/uploads\/2013\/05\/DSC02431.jpg 1920w\" sizes=\"auto, (max-width: 1024px) 100vw, 1024px\" \/><\/a><p id=\"caption-attachment-9419\" class=\"wp-caption-text\">Pal\u00e1cio de Cristal &#8211; Centro Cultural Itchimbia. Foto: Silnei L Andrade | Mochila Brasil<\/p><\/div>\n<h2><span class=\"ez-toc-section\" id=\"3_%E2%80%93_Fazer_um_walking_tour_pelo_Centro_Historico\"><\/span>3 &#8211; Fazer um walking tour pelo Centro Hist\u00f3rico.<span class=\"ez-toc-section-end\"><\/span><\/h2>\n<p style=\"text-align: justify;\">F\u00e1cil de percorrer a p\u00e9,\u00a0o Centro Hist\u00f3rico de Quito \u00e9 um dos mais belos e preservados da Am\u00e9rica do Sul.\u00a0Foi declarado pela UNESCO, junto com a Crac\u00f3via (Pol\u00f4nia), o primeiro Patrim\u00f4nio Cultural da Humanidade em 18 de setembro de 1978.<br \/>\nNo passeio os destaques s\u00e3o a\u00a0<a href=\"http:\/\/www.flickr.com\/search\/?q=Calle+La+Ronda+Quito\" target=\"_blank\" rel=\"noopener noreferrer\">Calle de La Ronda<\/a>,a\u00a0<a href=\"http:\/\/www.flickr.com\/search\/?q=Plaza+Grande+Quito\" target=\"_blank\" rel=\"noopener noreferrer\">Plaza Grande<\/a>, a\u00a0<a href=\"http:\/\/www.flickr.com\/search\/?q=Plaza+del+Teatro+Quito\" target=\"_blank\" rel=\"noopener noreferrer\">Plaza del Teatro<\/a>, a\u00a0<a href=\"http:\/\/www.flickr.com\/search\/?q=Plaza+de+La+Independencia+Quito\" target=\"_blank\" rel=\"noopener noreferrer\">Plaza de La Independencia<\/a>, a\u00a0<a href=\"http:\/\/www.flickr.com\/search\/?q=Basilica+del+Voto+Nacional+Quito\" target=\"_blank\" rel=\"noopener noreferrer\">Basilica del Voto Nacional<\/a>, a <a href=\"http:\/\/www.flickr.com\/search\/?q=iglesia+de+la+compania+de+jesus+quito\" target=\"_blank\" rel=\"noopener noreferrer\">Iglesia de La Compania de Jesus<\/a> e\u00a0a\u00a0<a href=\"http:\/\/www.flickr.com\/search\/?q=Plaza+de+San+Francisco+Quito\" target=\"_blank\" rel=\"noopener noreferrer\">Plaza de San Francisco<\/a>\u00a0(+\u00a0<a href=\"http:\/\/www.flickr.com\/search\/?q=Iglesia+de+San+Francisco+Quito\" target=\"_blank\" rel=\"noopener noreferrer\">Iglesia de San Francisco<\/a>). Imperd\u00edvel!<\/p>\n<div id=\"attachment_9413\" style=\"width: 1034px\" class=\"wp-caption alignnone\"><a href=\"https:\/\/www.mochileiros.com\/blog\/wp-content\/uploads\/2013\/05\/DSC02284.jpg\"><img loading=\"lazy\" decoding=\"async\" aria-describedby=\"caption-attachment-9413\" class=\" wp-image-9413\" src=\"https:\/\/www.mochileiros.com\/blog\/wp-content\/uploads\/2013\/05\/DSC02284-1024x768.jpg\" alt=\"Calle de La Ronda - Foto: Silnei L Andrade | Mochila Brasil\" width=\"1024\" height=\"768\" srcset=\"https:\/\/www.mochileiros.com\/blog\/wp-content\/uploads\/2013\/05\/DSC02284-1024x768.jpg 1024w, https:\/\/www.mochileiros.com\/blog\/wp-content\/uploads\/2013\/05\/DSC02284-300x225.jpg 300w, https:\/\/www.mochileiros.com\/blog\/wp-content\/uploads\/2013\/05\/DSC02284-768x576.jpg 768w, https:\/\/www.mochileiros.com\/blog\/wp-content\/uploads\/2013\/05\/DSC02284-313x235.jpg 313w, https:\/\/www.mochileiros.com\/blog\/wp-content\/uploads\/2013\/05\/DSC02284-20x15.jpg 20w, https:\/\/www.mochileiros.com\/blog\/wp-content\/uploads\/2013\/05\/DSC02284.jpg 1920w\" sizes=\"auto, (max-width: 1024px) 100vw, 1024px\" \/><\/a><p id=\"caption-attachment-9413\" class=\"wp-caption-text\">Calle de La Ronda &#8211; Foto: Silnei L Andrade | Mochila Brasil<\/p><\/div>\n<p>&nbsp;<\/p>\n<h2><span class=\"ez-toc-section\" id=\"4_%E2%80%93_Visitar_a_Casa_de_la_Cultura_Ecuatoriana\"><\/span>4 &#8211; Visitar a Casa de la Cultura Ecuatoriana.<span class=\"ez-toc-section-end\"><\/span><\/h2>\n<p style=\"text-align: justify;\">Um lugar pra conferir exposi\u00e7\u00f5es e apresenta\u00e7\u00f5es da arte equatoriana. A Casa de la Cultura Ecuatoriana fica em frente ao Parque El Ejido e a entrada \u00e9 gr\u00e1tis. \u00a0Confira a agenda\u00a0aqui<\/p>\n<div id=\"attachment_9409\" style=\"width: 1034px\" class=\"wp-caption alignnone\"><a href=\"https:\/\/www.mochileiros.com\/blog\/wp-content\/uploads\/2013\/05\/DSC02216.jpg\"><img loading=\"lazy\" decoding=\"async\" aria-describedby=\"caption-attachment-9409\" class=\" wp-image-9409\" src=\"https:\/\/www.mochileiros.com\/blog\/wp-content\/uploads\/2013\/05\/DSC02216-1024x768.jpg\" alt=\"Entrada da Casa de La Cultura Equatoriana - Foto: Silnei L Andrade | Mochila Brasil\" width=\"1024\" height=\"768\" srcset=\"https:\/\/www.mochileiros.com\/blog\/wp-content\/uploads\/2013\/05\/DSC02216-1024x768.jpg 1024w, https:\/\/www.mochileiros.com\/blog\/wp-content\/uploads\/2013\/05\/DSC02216-300x225.jpg 300w, https:\/\/www.mochileiros.com\/blog\/wp-content\/uploads\/2013\/05\/DSC02216-768x576.jpg 768w, https:\/\/www.mochileiros.com\/blog\/wp-content\/uploads\/2013\/05\/DSC02216-313x235.jpg 313w, https:\/\/www.mochileiros.com\/blog\/wp-content\/uploads\/2013\/05\/DSC02216-20x15.jpg 20w, https:\/\/www.mochileiros.com\/blog\/wp-content\/uploads\/2013\/05\/DSC02216.jpg 1920w\" sizes=\"auto, (max-width: 1024px) 100vw, 1024px\" \/><\/a><p id=\"caption-attachment-9409\" class=\"wp-caption-text\">Entrada da Casa de La Cultura Ecuatoriana &#8211; Foto: Silnei L Andrade | Mochila Brasil<\/p><\/div>\n<p>&nbsp;<\/p>\n<h2><span class=\"ez-toc-section\" id=\"5_%E2%80%93_Visita_a_Feira_de_Artesanato_do_Parque_El_Ejido\"><\/span>5 &#8211; Visita \u00e0 Feira de Artesanato do Parque El Ejido.<span class=\"ez-toc-section-end\"><\/span><\/h2>\n<p style=\"text-align: justify;\">Um lugar pra descanso e lazer no centro de Quito. O parque El Ejido abriga aos domingos uma feira de artesanato com diversos elementos da cultura equatoriana. O destaque fica para as <a href=\"https:\/\/www.google.com.br\/search?q=pinturas%C2%A0de+Tigua&amp;um=1&amp;ie=UTF-8&amp;hl=pt-BR&amp;tbm=isch&amp;source=og&amp;sa=N&amp;tab=wi&amp;authuser=0&amp;ei=lYGsUYDnHpK54AOwkoGIAQ&amp;biw=1920&amp;bih=912&amp;sei=rIGsUeimLYX_4AOmzYEo\" target=\"_blank\" rel=\"noopener noreferrer\">pinturas\u00a0de Tigua<\/a>. Arrume espa\u00e7o na mochila, voc\u00ea vai querer comprar algo!<\/p>\n<div id=\"attachment_9410\" style=\"width: 1034px\" class=\"wp-caption alignnone\"><a href=\"https:\/\/www.mochileiros.com\/blog\/wp-content\/uploads\/2013\/05\/DSC02253.jpg\"><img loading=\"lazy\" decoding=\"async\" aria-describedby=\"caption-attachment-9410\" class=\" wp-image-9410\" src=\"https:\/\/www.mochileiros.com\/blog\/wp-content\/uploads\/2013\/05\/DSC02253-1024x768.jpg\" alt=\"El Ejido Park - Foto: Silnei L Andrade | Mochila Brasil\" width=\"1024\" height=\"768\" srcset=\"https:\/\/www.mochileiros.com\/blog\/wp-content\/uploads\/2013\/05\/DSC02253-1024x768.jpg 1024w, https:\/\/www.mochileiros.com\/blog\/wp-content\/uploads\/2013\/05\/DSC02253-300x225.jpg 300w, https:\/\/www.mochileiros.com\/blog\/wp-content\/uploads\/2013\/05\/DSC02253-768x576.jpg 768w, https:\/\/www.mochileiros.com\/blog\/wp-content\/uploads\/2013\/05\/DSC02253-313x235.jpg 313w, https:\/\/www.mochileiros.com\/blog\/wp-content\/uploads\/2013\/05\/DSC02253-20x15.jpg 20w, https:\/\/www.mochileiros.com\/blog\/wp-content\/uploads\/2013\/05\/DSC02253.jpg 1920w\" sizes=\"auto, (max-width: 1024px) 100vw, 1024px\" \/><\/a><p id=\"caption-attachment-9410\" class=\"wp-caption-text\">El Ejido Park &#8211; Foto: Silnei L Andrade | Mochila Brasil<\/p><\/div>\n<p>&nbsp;<\/p>\n<h2><span class=\"ez-toc-section\" id=\"6_%E2%80%93_Subir_ao_Cerro_El_Panecillo_e_tirar_mais_fotos_panoramicas_da_cidade\"><\/span>6 &#8211; Subir ao Cerro El Panecillo e tirar mais fotos panor\u00e2micas da cidade.<span class=\"ez-toc-section-end\"><\/span><\/h2>\n<p style=\"text-align: justify;\">Acorde bem cedo e se o tempo estiver aberto, a boa \u00e9 conhecer o mirante do Cerro El Panecillo. De l\u00e1 voc\u00ea ter\u00e1 uma &#8220;buena vista&#8221; com direito a tirar fotos do topo nevado de alguns dos vulc\u00f5es que rodeiam Quito. L\u00e1 em cima est\u00e1 a guardi\u00e3 da cidade, uma est\u00e1tua de alum\u00ednio com 45m de altura que representa a Virgem Maria. Com asas angelicais ela segura uma serpente acorrentada e presa sob seus p\u00e9s. A serpente representa a besta, o anti-cristo. Por esse motivo a est\u00e1tua tamb\u00e9m \u00e9 chamada de a Virgem do Apocalipse. N\u00e3o d\u00e1 pra perder!<\/p>\n<div id=\"attachment_9476\" style=\"width: 1034px\" class=\"wp-caption alignnone\"><a href=\"https:\/\/www.mochileiros.com\/blog\/wp-content\/uploads\/2013\/06\/DSC01492.jpg\"><img loading=\"lazy\" decoding=\"async\" aria-describedby=\"caption-attachment-9476\" class=\" wp-image-9476\" src=\"https:\/\/www.mochileiros.com\/blog\/wp-content\/uploads\/2013\/06\/DSC01492-768x1024.jpg\" alt=\"A Virgem de Quito com seus 45m de altura. Foto: Silnei L Andrade | Mochila Brasil\" width=\"1024\" height=\"1365\" srcset=\"https:\/\/www.mochileiros.com\/blog\/wp-content\/uploads\/2013\/06\/DSC01492-768x1024.jpg 768w, https:\/\/www.mochileiros.com\/blog\/wp-content\/uploads\/2013\/06\/DSC01492-225x300.jpg 225w, https:\/\/www.mochileiros.com\/blog\/wp-content\/uploads\/2013\/06\/DSC01492-313x417.jpg 313w, https:\/\/www.mochileiros.com\/blog\/wp-content\/uploads\/2013\/06\/DSC01492-15x20.jpg 15w, https:\/\/www.mochileiros.com\/blog\/wp-content\/uploads\/2013\/06\/DSC01492.jpg 1920w\" sizes=\"auto, (max-width: 1024px) 100vw, 1024px\" \/><\/a><p id=\"caption-attachment-9476\" class=\"wp-caption-text\">A Virgem de Quito com seus 45m de altura. Foto: Silnei L Andrade | Mochila Brasil<\/p><\/div>\n<p>&nbsp;<\/p>\n<h2><span class=\"ez-toc-section\" id=\"7_%E2%80%93_Passear_no_Teleferico_de_Quito\"><\/span>7 &#8211; Passear no Telef\u00e9rico de Quito.<span class=\"ez-toc-section-end\"><\/span><\/h2>\n<p style=\"text-align: justify;\">O passeio de subida no telef\u00e9rico de Quito come\u00e7a aos 2.950m de altitude, dura 10 minutos e chega a 4.053m percorrendo uma dist\u00e2ncia de 2,5 km. Na chegada voc\u00ea ter\u00e1 acesso ao Mirante Cruz Loma, um dos mais altos da cidade. \u00a0Mais informa\u00e7\u00f5es sobre o telef\u00e9rico voc\u00ea pode conferir <a href=\"http:\/\/www.quito.com.ec\/index.php\/explora-y-disfruta\/imperdibles\/el-teleferico\" target=\"_blank\" rel=\"noopener noreferrer\">aqui<\/a><\/p>\n<p>&nbsp;<\/p>\n<div id=\"attachment_9493\" style=\"width: 1034px\" class=\"wp-caption alignnone\"><a href=\"https:\/\/www.mochileiros.com\/blog\/wp-content\/uploads\/2013\/06\/8739246438_98bf8f390d_b.jpg\"><img loading=\"lazy\" decoding=\"async\" aria-describedby=\"caption-attachment-9493\" class=\" wp-image-9493\" src=\"https:\/\/www.mochileiros.com\/blog\/wp-content\/uploads\/2013\/06\/8739246438_98bf8f390d_b.jpg\" alt=\"Telef\u00e9rico de Quito - Foto: Quito Visitors Bureau \" width=\"1024\" height=\"683\" srcset=\"https:\/\/www.mochileiros.com\/blog\/wp-content\/uploads\/2013\/06\/8739246438_98bf8f390d_b.jpg 1024w, https:\/\/www.mochileiros.com\/blog\/wp-content\/uploads\/2013\/06\/8739246438_98bf8f390d_b-300x200.jpg 300w, https:\/\/www.mochileiros.com\/blog\/wp-content\/uploads\/2013\/06\/8739246438_98bf8f390d_b-768x512.jpg 768w, https:\/\/www.mochileiros.com\/blog\/wp-content\/uploads\/2013\/06\/8739246438_98bf8f390d_b-313x209.jpg 313w, https:\/\/www.mochileiros.com\/blog\/wp-content\/uploads\/2013\/06\/8739246438_98bf8f390d_b-20x13.jpg 20w\" sizes=\"auto, (max-width: 1024px) 100vw, 1024px\" \/><\/a><p id=\"caption-attachment-9493\" class=\"wp-caption-text\">Telef\u00e9rico de Quito &#8211; Foto: Quito Visitors Bureau<\/p><\/div>\n<h2><span class=\"ez-toc-section\" id=\"8_%E2%80%93_Comer_um_Sanduche_de_Chancho\"><\/span>8 &#8211; Comer um Sanduche de Chancho.<span class=\"ez-toc-section-end\"><\/span><\/h2>\n<p style=\"text-align: justify;\">\u00c9 uma institui\u00e7\u00e3o equatoriana, principalmente na cidade de Guaiaquil, mas\u00a0em Quito voc\u00ea tamb\u00e9m poder\u00e1 saborear um delicioso &#8220;Sanduche de Chancho&#8221; , que nada mais \u00e9 que um lanche de pernil com um toque equatoriano. S\u00e3o vendidos em pequenos quiosques e em diversos restaurantes da cidade. Simples ou com v\u00e1rios acompanhamentos, n\u00e3o deixe de experimentar!<\/p>\n<div id=\"attachment_9533\" style=\"width: 1034px\" class=\"wp-caption alignnone\"><a href=\"https:\/\/www.mochileiros.com\/blog\/wp-content\/uploads\/2013\/06\/2013-03-08_13-19-52_90.jpg\"><img loading=\"lazy\" decoding=\"async\" aria-describedby=\"caption-attachment-9533\" class=\" wp-image-9533\" src=\"https:\/\/www.mochileiros.com\/blog\/wp-content\/uploads\/2013\/06\/2013-03-08_13-19-52_90.jpg\" alt=\"Sanduches de Chancho, uma institui\u00e7\u00e3o equatoriana. Foto do site http:\/\/www.sanguchologia.org\/\" width=\"1024\" height=\"768\" srcset=\"https:\/\/www.mochileiros.com\/blog\/wp-content\/uploads\/2013\/06\/2013-03-08_13-19-52_90.jpg 800w, https:\/\/www.mochileiros.com\/blog\/wp-content\/uploads\/2013\/06\/2013-03-08_13-19-52_90-300x225.jpg 300w, https:\/\/www.mochileiros.com\/blog\/wp-content\/uploads\/2013\/06\/2013-03-08_13-19-52_90-768x576.jpg 768w, https:\/\/www.mochileiros.com\/blog\/wp-content\/uploads\/2013\/06\/2013-03-08_13-19-52_90-313x235.jpg 313w, https:\/\/www.mochileiros.com\/blog\/wp-content\/uploads\/2013\/06\/2013-03-08_13-19-52_90-20x15.jpg 20w\" sizes=\"auto, (max-width: 1024px) 100vw, 1024px\" \/><\/a><p id=\"caption-attachment-9533\" class=\"wp-caption-text\">Sanduches de Chancho, uma institui\u00e7\u00e3o equatoriana. Foto do site http:\/\/www.sanguchologia.org\/<\/p><\/div>\n<p>&nbsp;<\/p>\n<h2><span class=\"ez-toc-section\" id=\"9_%E2%80%93_Experimentar_uma_iguaria_equatoriana_Catzos_Blancos_com_Tostados\"><\/span>9 &#8211; Experimentar uma iguaria equatoriana: Catzos Blancos com Tostados.<span class=\"ez-toc-section-end\"><\/span><\/h2>\n<p style=\"text-align: justify;\">O Catzo Blanco \u00e9 um besouro muito apreciado na culin\u00e1ria popular equatoriana. Na \u00e9poca das chuvas, entre os meses de outubro e dezembro o petisco \u00e9 facilmente encontrado em feiras populares de Quito. Em sua prepara\u00e7\u00e3o, os insetos s\u00e3o colocados vivos em um recipiente com farinha de trigo, onde se alimentam do farin\u00e1ceo durante algumas horas. Depois t\u00eam suas asas e patas arrancadas e s\u00e3o colocados em uma solu\u00e7\u00e3o com \u00e1gua e sal por alguns dias. Ap\u00f3s esse processo os Catzos s\u00e3o fritos em manteiga at\u00e9 ficarem douradinhos e crocantes! S\u00e3o vendidos em pequenos sacos pl\u00e1sticos e degustados junto com gr\u00e3os de milho tostado. \u00a0Uma verdadeira iguaria!<\/p>\n<div id=\"attachment_9664\" style=\"width: 1034px\" class=\"wp-caption alignnone\"><a href=\"https:\/\/www.mochileiros.com\/blog\/wp-content\/uploads\/2013\/06\/1111.jpg\"><img loading=\"lazy\" decoding=\"async\" aria-describedby=\"caption-attachment-9664\" class=\" wp-image-9664\" src=\"https:\/\/www.mochileiros.com\/blog\/wp-content\/uploads\/2013\/06\/1111-1024x768.jpg\" alt=\"Catsos Blancos, uma Iguaria Ecuatoriana. - Foto: Jacqueline Ruiz\" width=\"1024\" height=\"768\" srcset=\"https:\/\/www.mochileiros.com\/blog\/wp-content\/uploads\/2013\/06\/1111-1024x768.jpg 1024w, https:\/\/www.mochileiros.com\/blog\/wp-content\/uploads\/2013\/06\/1111-300x225.jpg 300w, https:\/\/www.mochileiros.com\/blog\/wp-content\/uploads\/2013\/06\/1111-768x576.jpg 768w, https:\/\/www.mochileiros.com\/blog\/wp-content\/uploads\/2013\/06\/1111-313x235.jpg 313w, https:\/\/www.mochileiros.com\/blog\/wp-content\/uploads\/2013\/06\/1111-20x15.jpg 20w, https:\/\/www.mochileiros.com\/blog\/wp-content\/uploads\/2013\/06\/1111.jpg 1600w\" sizes=\"auto, (max-width: 1024px) 100vw, 1024px\" \/><\/a><p id=\"caption-attachment-9664\" class=\"wp-caption-text\">Catzos Blancos, uma iguaria ecuatoriana. &#8211; Foto: Jacqueline Ruiz<\/p><\/div>\n<p>&nbsp;<\/p>\n<h1>Arredores de Quito<\/h1>\n<p>&nbsp;<\/p>\n<h2><span class=\"ez-toc-section\" id=\"10_%E2%80%93_Visitar_a_Floresta_Nublada_de_Maquipucuna\"><\/span>10 &#8211; Visitar a Floresta Nublada de Maquipucuna<span class=\"ez-toc-section-end\"><\/span><\/h2>\n<p style=\"text-align: justify;\">A Reserva Ecol\u00f3gica de Maquipucuna se estende por uma \u00e1rea de 6.000 hectares aos p\u00e9s do vulc\u00e3o Pichincha e faz parte do corredor biol\u00f3gico\u00a0<a href=\"https:\/\/es.wikipedia.org\/wiki\/Choc%C3%B3_biogeogr%C3%A1fico\" target=\"_blank\" rel=\"noopener noreferrer\">Tumbes-Choc\u00f3-Magdalena<\/a>, uma regi\u00e3o considerada por diversas ONGs \u00a0como um dos 5 hotspots\u00a0com maior concentra\u00e7\u00e3o de biodiversidade no mundo. A \u00e1rea fica a apenas 45 minutos de Quito e \u00e9 o habitat do <a href=\"http:\/\/pt.wikipedia.org\/wiki\/Urso-de-%C3%B3culos\" target=\"_blank\" rel=\"noopener noreferrer\">Tremarctos ornatus<\/a>, o\u00a0Urso de \u00d3culos, a \u00fanica esp\u00e9cie de urso end\u00eamica da Am\u00e9rica do Sul.<br \/>\nMais informa\u00e7\u00f5es de como visitar o local voc\u00ea pode encontrar <a href=\"http:\/\/maqui.org\/\" target=\"_blank\" rel=\"noopener noreferrer\">aqui<\/a><\/p>\n<div id=\"attachment_9669\" style=\"width: 1034px\" class=\"wp-caption alignnone\"><a href=\"https:\/\/www.mochileiros.com\/blog\/wp-content\/uploads\/2013\/06\/pete-oxford-spectacled-bear-tremarctos-ornatus-cub-maquipucuna-nature-reserve-ecuador.jpg\"><img loading=\"lazy\" decoding=\"async\" aria-describedby=\"caption-attachment-9669\" class=\" wp-image-9669\" src=\"https:\/\/www.mochileiros.com\/blog\/wp-content\/uploads\/2013\/06\/pete-oxford-spectacled-bear-tremarctos-ornatus-cub-maquipucuna-nature-reserve-ecuador.jpg\" alt=\"Urso de \u00d3culos ou Urso Andino na Reserva Ecol\u00f3gica de Maquipucuna - Foto: Pete Oxford\" width=\"1024\" height=\"769\" srcset=\"https:\/\/www.mochileiros.com\/blog\/wp-content\/uploads\/2013\/06\/pete-oxford-spectacled-bear-tremarctos-ornatus-cub-maquipucuna-nature-reserve-ecuador.jpg 473w, https:\/\/www.mochileiros.com\/blog\/wp-content\/uploads\/2013\/06\/pete-oxford-spectacled-bear-tremarctos-ornatus-cub-maquipucuna-nature-reserve-ecuador-300x225.jpg 300w, https:\/\/www.mochileiros.com\/blog\/wp-content\/uploads\/2013\/06\/pete-oxford-spectacled-bear-tremarctos-ornatus-cub-maquipucuna-nature-reserve-ecuador-313x235.jpg 313w, https:\/\/www.mochileiros.com\/blog\/wp-content\/uploads\/2013\/06\/pete-oxford-spectacled-bear-tremarctos-ornatus-cub-maquipucuna-nature-reserve-ecuador-20x15.jpg 20w\" sizes=\"auto, (max-width: 1024px) 100vw, 1024px\" \/><\/a><p id=\"caption-attachment-9669\" class=\"wp-caption-text\">Urso de \u00d3culos ou Urso Andino na Reserva Ecol\u00f3gica de Maquipucuna &#8211; Foto: Pete Oxford<\/p><\/div>\n<p>&nbsp;<\/p>\n<h2 style=\"text-align: justify;\"><span class=\"ez-toc-section\" id=\"11_%E2%80%93_Fazer_uma_tour_no_Parque_Nacional_Cotopaxi\"><\/span>11 &#8211; Fazer uma tour no Parque Nacional Cotopaxi<span class=\"ez-toc-section-end\"><\/span><\/h2>\n<p style=\"text-align: justify;\">O Cotopaxi \u00e9 um vulc\u00e3o ativo e nevado com 5.897m de altitude que fica apenas a 75Km de Quito no Parque Nacional Cotopaxi. \u00a0\u00c9 o segundo vulc\u00e3o mais alto do Equador e voc\u00ea n\u00e3o precisa ser um Waldemar Niclevicz\u00a0pra passar uma noite (ou mais) hospedado no ref\u00fagio de sua base. Pra isso basta voc\u00ea contratar uma tour em alguma ag\u00eancia de Quito. Uma op\u00e7\u00e3o \u00e9 a\u00a0<a href=\"http:\/\/gulliver.com.ec\/\" target=\"_blank\" rel=\"noopener noreferrer\">Guliver<\/a>\u00a0que fica no bairro de Mariscal.<br \/>\nVoc\u00ea tamb\u00e9m pode fazer essa tour por conta pr\u00f3pria,\u00a0pra isso, basta pegar um \u00f4nibus (bem cedo) no terminal terrestre de Quito\u00a0sentido Panamericana Norte, e pedir pro motorista parar na entrada do Parque Nacional Cotopaxi. \u00a0Chegando l\u00e1 voc\u00ea ter\u00e1 que contratar um 4&#215;4 para ser levado at\u00e9 o estacionamento que fica a 4.500m de altitude.\u00a0A subida at\u00e9 a base que est\u00e1 a 4.800m de altitude \u00e9 considerada de n\u00edvel leve <strong>para montanhistas<\/strong>. No inverno a temperatura no local pode chegar a 10\u00b0 negativos, por isso se for se aventurar por l\u00e1, \u00e9 importante que tenha roupas e equipamentos especiais.<\/p>\n<div id=\"attachment_9751\" style=\"width: 1034px\" class=\"wp-caption alignnone\"><a href=\"https:\/\/www.mochileiros.com\/blog\/wp-content\/uploads\/2013\/06\/DSC02612.jpg\"><img loading=\"lazy\" decoding=\"async\" aria-describedby=\"caption-attachment-9751\" class=\" wp-image-9751\" src=\"https:\/\/www.mochileiros.com\/blog\/wp-content\/uploads\/2013\/06\/DSC02612-1024x768.jpg\" alt=\"Estacionamento pr\u00f3ximo a base do vulc\u00e3o em um dia bastante nublado - Foto: Silnei L Andrade | Mochila Brasil\" width=\"1024\" height=\"768\" srcset=\"https:\/\/www.mochileiros.com\/blog\/wp-content\/uploads\/2013\/06\/DSC02612-1024x768.jpg 1024w, https:\/\/www.mochileiros.com\/blog\/wp-content\/uploads\/2013\/06\/DSC02612-300x225.jpg 300w, https:\/\/www.mochileiros.com\/blog\/wp-content\/uploads\/2013\/06\/DSC02612-768x576.jpg 768w, https:\/\/www.mochileiros.com\/blog\/wp-content\/uploads\/2013\/06\/DSC02612-313x235.jpg 313w, https:\/\/www.mochileiros.com\/blog\/wp-content\/uploads\/2013\/06\/DSC02612-20x15.jpg 20w, https:\/\/www.mochileiros.com\/blog\/wp-content\/uploads\/2013\/06\/DSC02612.jpg 1920w\" sizes=\"auto, (max-width: 1024px) 100vw, 1024px\" \/><\/a><p id=\"caption-attachment-9751\" class=\"wp-caption-text\">Estacionamento pr\u00f3ximo a base do vulc\u00e3o em um dia bastante nublado &#8211; Foto: Silnei L Andrade | Mochila Brasil<\/p><\/div>\n<p>&nbsp;<\/p>\n<h2><span class=\"ez-toc-section\" id=\"12_%E2%80%93_Tirar_uma_foto_com_um_pe_no_Hemisferio_Norte_e_o_outro_no_Hemisferio_Sul_no_Parque_Mitad_del_Mundo\"><\/span>12 &#8211; Tirar uma foto com um p\u00e9 no Hemisf\u00e9rio Norte e o outro no Hemisf\u00e9rio Sul, no Parque Mitad del Mundo.<span class=\"ez-toc-section-end\"><\/span><\/h2>\n<p style=\"text-align: justify;\">Voc\u00ea j\u00e1 deve ter visto alguma foto desse lugar! \u00c9 exatamente onde viajantes do mundo inteiro v\u00e3o para tirar uma foto com um p\u00e9 em cada metade do mundo em plena latitude 0\u00ba 0&#8242; 0&#8243;. Fica a 13,5km de Quito. Para mais informa\u00e7\u00f5es clique <a href=\"http:\/\/www.mitaddelmundo.com\/\" target=\"_blank\" rel=\"noopener noreferrer\">aqui<\/a><\/p>\n<div id=\"attachment_9402\" style=\"width: 1034px\" class=\"wp-caption alignnone\"><a href=\"https:\/\/www.mochileiros.com\/blog\/wp-content\/uploads\/2013\/05\/DSC01644.jpg\"><img loading=\"lazy\" decoding=\"async\" aria-describedby=\"caption-attachment-9402\" class=\" wp-image-9402\" src=\"https:\/\/www.mochileiros.com\/blog\/wp-content\/uploads\/2013\/05\/DSC01644-1024x768.jpg\" alt=\"Monumento da Mitad del Mundo - Foto: Silnei L Andrade | Mochila Brasil\" width=\"1024\" height=\"768\" srcset=\"https:\/\/www.mochileiros.com\/blog\/wp-content\/uploads\/2013\/05\/DSC01644-1024x768.jpg 1024w, https:\/\/www.mochileiros.com\/blog\/wp-content\/uploads\/2013\/05\/DSC01644-300x225.jpg 300w, https:\/\/www.mochileiros.com\/blog\/wp-content\/uploads\/2013\/05\/DSC01644-768x576.jpg 768w, https:\/\/www.mochileiros.com\/blog\/wp-content\/uploads\/2013\/05\/DSC01644-313x235.jpg 313w, https:\/\/www.mochileiros.com\/blog\/wp-content\/uploads\/2013\/05\/DSC01644-20x15.jpg 20w, https:\/\/www.mochileiros.com\/blog\/wp-content\/uploads\/2013\/05\/DSC01644.jpg 1920w\" sizes=\"auto, (max-width: 1024px) 100vw, 1024px\" \/><\/a><p id=\"caption-attachment-9402\" class=\"wp-caption-text\">Monumento da Mitad del Mundo &#8211; Foto: Silnei L Andrade | Mochila Brasil<\/p><\/div>\n<p>&nbsp;<\/p>\n<h2><span class=\"ez-toc-section\" id=\"13_%E2%80%93_Viajar_de_trem_pelo_Equador\"><\/span>13 &#8211; Viajar de trem pelo Equador.<span class=\"ez-toc-section-end\"><\/span><\/h2>\n<p style=\"text-align: justify;\">At\u00e9 poucos anos atr\u00e1s, mochileiros de todo mundo viajavam sentados sobre vag\u00f5es de carga por um percurso rodeado de vulc\u00f5es, povoados ind\u00edgenas e as belas montanhas da cordilheira dos Andes. A viagem que tinha in\u00edcio na cidade de Riobamba, terminava com uma longa descida em ziguezague\u00a0pela montanha chamada de &#8216;Nariz de Diablo&#8217; at\u00e9 a cidade de Simbabe &#8211; trecho at\u00e9 hoje considerado uma fa\u00e7anha da engenharia ferrovi\u00e1ria tendo ficado conhecido como o &#8220;mais dif\u00edcil do mundo&#8221; devido a suas condi\u00e7\u00f5es geogr\u00e1ficas.<br \/>\nSe procurar por &#8216;Nariz del Diablo&#8217; no Google, vai encontrar diversas fotos e mat\u00e9rias sobre esse per\u00edodo. \u00a0Esse peda\u00e7o de ferrovia era o que havia restado do &#8220;Ferrocarril Transandino&#8221;, linha f\u00e9rrea centen\u00e1ria que corta quase todo o territ\u00f3rio equatoriano, com 452km de extens\u00e3o.<\/p>\n<p style=\"text-align: justify;\">Ap\u00f3s sua total degrada\u00e7\u00e3o em 2009, a ferrovia foi ent\u00e3o reconhecida como Patrim\u00f4nio Cultural do Equador e recebeu milh\u00f5es de d\u00f3lares em investimentos. Passou por uma total restaura\u00e7\u00e3o e hoje \u00e9 a principal rota tur\u00edstica de trem da Am\u00e9rica do Sul. S\u00e3o diversos trajetos, como o &#8220;Avenida de Los Volcanes&#8221; que parte de Quito e corta uma regi\u00e3o rodeada de vulc\u00f5es; o &#8220;<a href=\"http:\/\/www.trenecuador.com\/index.php\/rutas-del-tren\/tren-de-la-libertad\" target=\"_blank\" rel=\"noopener noreferrer\">Tren de la Libertad<\/a>&#8221; que segue por t\u00faneis e pontes monumentais entre as montanhas andinas; o\u00a0<a href=\"http:\/\/www.trenecuador.com\/index.php\/rutas-del-tren\/tren-del-hielo\" target=\"_blank\" rel=\"noopener noreferrer\">Tren de Hielo<\/a>, cujo percurso passa aos p\u00e9s do Vulc\u00e3o Chimborazo, o mais alto do Equador e o cl\u00e1ssico <a href=\"http:\/\/www.trenecuador.com\/index.php\/rutas-del-tren\/nariz-del-diablo\" target=\"_blank\" rel=\"noopener noreferrer\">Nariz del Diablo<\/a>, entre outros novos trajetos. Se viajar de trem \u00e9 o seu sonho, na Am\u00e9rica do Sul, seu pa\u00eds \u00e9 o Equador!<\/p>\n<p>&nbsp;<\/p>\n<div id=\"attachment_10175\" style=\"width: 1034px\" class=\"wp-caption alignnone\"><a href=\"https:\/\/www.mochileiros.com\/blog\/wp-content\/uploads\/2013\/06\/tren-del-hielo-001.jpg\"><img loading=\"lazy\" decoding=\"async\" aria-describedby=\"caption-attachment-10175\" class=\" wp-image-10175\" src=\"https:\/\/www.mochileiros.com\/blog\/wp-content\/uploads\/2013\/06\/tren-del-hielo-001-1024x685.jpg\" alt=\"Tren de Hielo com o vulc\u00e3o Chimborazo ao fundo - Foto: Tren Ecuador\" width=\"1024\" height=\"686\" \/><\/a><p id=\"caption-attachment-10175\" class=\"wp-caption-text\">Tren de Hielo com o vulc\u00e3o Chimborazo ao fundo &#8211; Foto: Tren Ecuador<\/p><\/div>\n<p>&nbsp;<\/p>\n<blockquote>\n<p style=\"text-align: justify;\">Sa\u00edmos de Quito as 10h da manh\u00e3 e depois de 3 horas de viagem chegamos \u00e0 cidade de Ba\u00f1os. Da estrada j\u00e1 dava pra ver o\u00a0Tungurahua fumegando. Era a primeira vez que via algo parecido.\u00a0Na entrada da cidade, m\u00e1quinas ainda trabalhavam para remover as cinzas da \u00faltima erup\u00e7\u00e3o.<br \/>\nBa\u00f1os fica em um vale entre os p\u00e9s do vulc\u00e3o e outra montanha e \u00e9 imposs\u00edvel n\u00e3o pensar: Esse povo \u00e9 maluco? &#8220;N\u00e3o! Mama\u00a0Tungurahua nos protege!&#8221; disse o taxista que nos levou at\u00e9 um mirante que fica do lado oposto ao vulc\u00e3o. L\u00e1 de cima um verdadeiro espet\u00e1culo da natureza com tudo o que isso representa, incluindo beleza e perigo. A fuma\u00e7a n\u00e3o para de sair. As nuvens passam lentamente sobre a cidade, e n\u00f3s estamos acima delas, a vista hipnotiza e nos remete ao sil\u00eancio quando de repente um Bruuuummmm&#8230; O ronco de um vulc\u00e3o \u00e9 algo parecido com um trov\u00e3o misturado com a vibra\u00e7\u00e3o emitida pela bateria de uma escola de Samba. \u00c9 sentir pra entender!<\/p>\n<\/blockquote>\n<h2><span class=\"ez-toc-section\" id=\"14_%E2%80%93_Visitar_Banos_e_o_Vulcao_Tungurahua\"><\/span>14 &#8211; Visitar Ba\u00f1os e o\u00a0Vulc\u00e3o Tungurahua.<span class=\"ez-toc-section-end\"><\/span><\/h2>\n<p style=\"text-align: justify;\">Ba\u00f1os fica a 170km de Quito e se voc\u00ea estiver com pouco tempo \u00e9 poss\u00edvel fazer um bate-volta. O\u00a0Tungurahua desde 1999,\u00a0\u00e9 o vulc\u00e3o com maior atividade na Am\u00e9rica do Sul. De l\u00e1 pra c\u00e1 foram 4 erup\u00e7\u00f5es violentas que deixaram a cidade de Ba\u00f1os parcialmente sob lavas e cinzas. \u00c9 sem d\u00favida uma atra\u00e7\u00e3o imperd\u00edvel, principalmente pra quem nunca viu nada parecido. \u00a0Al\u00e9m do vulc\u00e3o a cidade tamb\u00e9m conta com v\u00e1rias outras atra\u00e7\u00f5es, como trilhas e cachoeiras bel\u00edssimas ao longo do rio que corta a cidade, o Rio Verde. No\u00a0Parque Aventura San Mart\u00edn, o visitante pode experimentar\u00a0tirolesas e at\u00e9 uma\u00a0&#8220;Ponte Tibetana&#8221; que passa acima do rio.<\/p>\n<div id=\"attachment_10189\" style=\"width: 1034px\" class=\"wp-caption alignnone\"><a href=\"https:\/\/www.mochileiros.com\/blog\/wp-content\/uploads\/2013\/06\/DSC02879.jpg\"><img loading=\"lazy\" decoding=\"async\" aria-describedby=\"caption-attachment-10189\" class=\" wp-image-10189\" src=\"https:\/\/www.mochileiros.com\/blog\/wp-content\/uploads\/2013\/06\/DSC02879-1024x768.jpg\" alt=\"Vulc\u00e3o Tungurahua em atividade - Foto: Silnei L Andrade | Mochila Brasil\" width=\"1024\" height=\"768\" srcset=\"https:\/\/www.mochileiros.com\/blog\/wp-content\/uploads\/2013\/06\/DSC02879-1024x768.jpg 1024w, https:\/\/www.mochileiros.com\/blog\/wp-content\/uploads\/2013\/06\/DSC02879-300x225.jpg 300w, https:\/\/www.mochileiros.com\/blog\/wp-content\/uploads\/2013\/06\/DSC02879-768x576.jpg 768w, https:\/\/www.mochileiros.com\/blog\/wp-content\/uploads\/2013\/06\/DSC02879-313x235.jpg 313w, https:\/\/www.mochileiros.com\/blog\/wp-content\/uploads\/2013\/06\/DSC02879-20x15.jpg 20w, https:\/\/www.mochileiros.com\/blog\/wp-content\/uploads\/2013\/06\/DSC02879.jpg 1920w\" sizes=\"auto, (max-width: 1024px) 100vw, 1024px\" \/><\/a><p id=\"caption-attachment-10189\" class=\"wp-caption-text\">Vulc\u00e3o Tungurahua em atividade &#8211; Foto: Silnei L Andrade | Mochila Brasil<\/p><\/div>\n<p>&nbsp;<\/p>\n<div id=\"attachment_18148\" style=\"width: 1034px\" class=\"wp-caption alignnone\"><a href=\"https:\/\/www.mochileiros.com\/blog\/wp-content\/uploads\/2013\/06\/puente-tibetano-san-martin-banos-ecuador.jpg.1340x0_default.jpg\"><img loading=\"lazy\" decoding=\"async\" aria-describedby=\"caption-attachment-18148\" class=\"wp-image-18148\" src=\"https:\/\/www.mochileiros.com\/blog\/wp-content\/uploads\/2013\/06\/puente-tibetano-san-martin-banos-ecuador.jpg.1340x0_default-1024x575.jpg\" alt=\"A &quot;Puente Tibetano&quot; no Parque Aventura San Martin - Foto: http:\/\/www.lunaruntun.com\/\" width=\"1024\" height=\"575\" srcset=\"https:\/\/www.mochileiros.com\/blog\/wp-content\/uploads\/2013\/06\/puente-tibetano-san-martin-banos-ecuador.jpg.1340x0_default-1024x575.jpg 1024w, https:\/\/www.mochileiros.com\/blog\/wp-content\/uploads\/2013\/06\/puente-tibetano-san-martin-banos-ecuador.jpg.1340x0_default-300x169.jpg 300w, https:\/\/www.mochileiros.com\/blog\/wp-content\/uploads\/2013\/06\/puente-tibetano-san-martin-banos-ecuador.jpg.1340x0_default-768x432.jpg 768w, https:\/\/www.mochileiros.com\/blog\/wp-content\/uploads\/2013\/06\/puente-tibetano-san-martin-banos-ecuador.jpg.1340x0_default-313x176.jpg 313w, https:\/\/www.mochileiros.com\/blog\/wp-content\/uploads\/2013\/06\/puente-tibetano-san-martin-banos-ecuador.jpg.1340x0_default-20x11.jpg 20w, https:\/\/www.mochileiros.com\/blog\/wp-content\/uploads\/2013\/06\/puente-tibetano-san-martin-banos-ecuador.jpg.1340x0_default.jpg 1340w\" sizes=\"auto, (max-width: 1024px) 100vw, 1024px\" \/><\/a><p id=\"caption-attachment-18148\" class=\"wp-caption-text\">A &#8220;Puente Tibetano&#8221; no Parque Aventura San Martin &#8211; Foto: http:\/\/www.lunaruntun.com\/<\/p><\/div>\n<p>&nbsp;<\/p>\n<h2><span class=\"ez-toc-section\" id=\"15_%E2%80%93_Visitar_o_Lago_Quilotoa\"><\/span>15 &#8211; Visitar o Lago Quilotoa<span class=\"ez-toc-section-end\"><\/span><\/h2>\n<p style=\"text-align: justify;\">Quilotoa \u00e9 um lago de\u00a03km de largura e 250m de profundidade\u00a0formado na cratera do vulc\u00e3o hom\u00f4nimo. \u00a0A 160km de Quito, o lago com sua \u00e1gua verde e pared\u00f5es monumentais comp\u00f5e uma paisagem espetacular. \u00c9 outro passeio que \u00e9 poss\u00edvel fazer em um 1 dia de bate-volta a partir de Quito!<\/p>\n<div id=\"attachment_10201\" style=\"width: 1034px\" class=\"wp-caption alignnone\"><a href=\"https:\/\/www.mochileiros.com\/blog\/wp-content\/uploads\/2013\/06\/DSC02984.jpg\"><img loading=\"lazy\" decoding=\"async\" aria-describedby=\"caption-attachment-10201\" class=\" wp-image-10201\" src=\"https:\/\/www.mochileiros.com\/blog\/wp-content\/uploads\/2013\/06\/DSC02984-1024x595.jpg\" alt=\"Lago Quilotoa - Foto: Silnei L Andrade | Mochila Brasil\" width=\"1024\" height=\"595\" srcset=\"https:\/\/www.mochileiros.com\/blog\/wp-content\/uploads\/2013\/06\/DSC02984-1024x595.jpg 1024w, https:\/\/www.mochileiros.com\/blog\/wp-content\/uploads\/2013\/06\/DSC02984-300x174.jpg 300w, https:\/\/www.mochileiros.com\/blog\/wp-content\/uploads\/2013\/06\/DSC02984-768x446.jpg 768w, https:\/\/www.mochileiros.com\/blog\/wp-content\/uploads\/2013\/06\/DSC02984-313x182.jpg 313w, https:\/\/www.mochileiros.com\/blog\/wp-content\/uploads\/2013\/06\/DSC02984-20x12.jpg 20w, https:\/\/www.mochileiros.com\/blog\/wp-content\/uploads\/2013\/06\/DSC02984.jpg 1280w\" sizes=\"auto, (max-width: 1024px) 100vw, 1024px\" \/><\/a><p id=\"caption-attachment-10201\" class=\"wp-caption-text\">Lago Quilotoa &#8211; Foto: Silnei L Andrade | Mochila Brasil<\/p><\/div>\n<h2><span class=\"ez-toc-section\" id=\"_4_passeios_imperdiveis_para_fazer_em_Quito_e_arredores\"><\/span>+ 4 passeios imperd\u00edveis para fazer em Quito e arredores<span class=\"ez-toc-section-end\"><\/span><\/h2>\n<div data-gyg-href=\"https:\/\/widget.getyourguide.com\/default\/activites.frame\" data-gyg-locale-code=\"pt-BR\" data-gyg-widget=\"activities\" data-gyg-number-of-items=\"4\" data-gyg-currency=\"USD\" data-gyg-partner-id=\"UWSJYKM\" data-gyg-q=\"Quito\"><\/div>\n","protected":false},"excerpt":{"rendered":"<p>O que fazer em Quito O Equador foi uma grata surpresa. \u00a0Entramos no pa\u00eds por terra atravessando a fronteira entre as cidades de Zarumilla (Peru) e Huaquillas (Equador), um lugar ca\u00f3tico cheio de sacoleiros e motos correndo de um pa\u00eds pro outro. Fronteira t\u00edpica sul-americana com uma boa pitada de Rua 25 de mar\u00e7o. As [&hellip;]<\/p>\n","protected":false},"author":1,"featured_media":10175,"comment_status":"open","ping_status":"closed","sticky":false,"template":"","format":"standard","meta":{"googlesitekit_rrm_CAoiELM5mIOjYRN0nfylq3_9r-8:productID":"","_crdt_document":"","_daim_seo_power":"1000","_daim_enable_ail":"1","footnotes":""},"categories":[1186,963],"tags":[2781,2786,2778,2779,2787,2782,2777,2776,2780,1015,1014,2784,2783,1016,2785],"class_list":["post-9218","post","type-post","status-publish","format-standard","has-post-thumbnail","hentry","category-america-do-sul","category-equador","tag-avenida-de-los-volcanes","tag-banos","tag-cerro-el-panecillo","tag-floresta-nublada-de-maquipucuna","tag-lago-quilotoa","tag-nariz-del-diablo","tag-parque-el-ejido","tag-parque-itchimbia","tag-parque-mitad-del-mundo","tag-parque-nacional-cotopaxi","tag-quito","tag-tren-de-hielo","tag-tren-de-la-libertad","tag-viagem-de-trem","tag-vulcao-tungurahua"],"_links":{"self":[{"href":"https:\/\/www.mochileiros.com\/blog\/wp-json\/wp\/v2\/posts\/9218","targetHints":{"allow":["GET"]}}],"collection":[{"href":"https:\/\/www.mochileiros.com\/blog\/wp-json\/wp\/v2\/posts"}],"about":[{"href":"https:\/\/www.mochileiros.com\/blog\/wp-json\/wp\/v2\/types\/post"}],"author":[{"embeddable":true,"href":"https:\/\/www.mochileiros.com\/blog\/wp-json\/wp\/v2\/users\/1"}],"replies":[{"embeddable":true,"href":"https:\/\/www.mochileiros.com\/blog\/wp-json\/wp\/v2\/comments?post=9218"}],"version-history":[{"count":0,"href":"https:\/\/www.mochileiros.com\/blog\/wp-json\/wp\/v2\/posts\/9218\/revisions"}],"wp:featuredmedia":[{"embeddable":true,"href":"https:\/\/www.mochileiros.com\/blog\/wp-json\/wp\/v2\/media\/10175"}],"wp:attachment":[{"href":"https:\/\/www.mochileiros.com\/blog\/wp-json\/wp\/v2\/media?parent=9218"}],"wp:term":[{"taxonomy":"category","embeddable":true,"href":"https:\/\/www.mochileiros.com\/blog\/wp-json\/wp\/v2\/categories?post=9218"},{"taxonomy":"post_tag","embeddable":true,"href":"https:\/\/www.mochileiros.com\/blog\/wp-json\/wp\/v2\/tags?post=9218"}],"curies":[{"name":"wp","href":"https:\/\/api.w.org\/{rel}","templated":true}]}}